{"id":87689,"date":"2017-12-17T12:28:26","date_gmt":"2017-12-17T14:28:26","guid":{"rendered":"http:\/\/diarioregionaljf.com.br\/2017\/12\/17\/mec-deve-homologar-base-comum-curricular-na-proxima-quarta-feira\/"},"modified":"2017-12-17T12:28:26","modified_gmt":"2017-12-17T14:28:26","slug":"mec-deve-homologar-base-comum-curricular-na-proxima-quarta-feira","status":"publish","type":"post","link":"https:\/\/diarioregionaldigital.com.br\/?p=87689","title":{"rendered":"MEC deve homologar Base Comum Curricular na pr\u00f3xima quarta-feira"},"content":{"rendered":"<p>O Minist\u00e9rio da Educa\u00e7\u00e3o informou que a Base Nacional Comum Curricular (BNCC), aprovada hoje (15) pelo Conselho Nacional de Educa\u00e7\u00e3o (CNE), deve ser homologada na pr\u00f3xima quarta-feira (20). O documento estabelece o que deve ser ensinado nas escolas p\u00fablicas e privadas ao longo da escolaridade b\u00e1sica.<\/p>\n<p>Escolas e redes de ensino ter\u00e3o que rever e adaptar seus curr\u00edculos ao longo de 2018 para come\u00e7ar a implementar a Base Nacional em 2019, inclusive com a adequa\u00e7\u00e3o dos materiais did\u00e1ticos. A expectativa \u00e9 que o processo seja conclu\u00eddo at\u00e9 2020. Professores tamb\u00e9m devem receber forma\u00e7\u00e3o ao longo desse per\u00edodo para que possam conhecer o documento.<\/p>\n<p>Em nota, o ministro Mendon\u00e7a Filho ressaltou que a BNCC foi constru\u00edda ao longo dos \u00faltimos tr\u00eas anos com a colabora\u00e7\u00e3o de educadores e especialistas em educa\u00e7\u00e3o de todas as regi\u00f5es do Brasil. \u201cCom a BNCC, o Brasil se alinha aos melhores e mais qualificados sistemas educacionais do mundo, que j\u00e1 se organizam em torno de uma base comum\u201d.<\/p>\n<p>A implanta\u00e7\u00e3o de uma Base Nacional Comum Curricular \u00e9 prevista pela Constitui\u00e7\u00e3o de 1988 e pela Lei de Diretrizes e Bases da Educa\u00e7\u00e3o, de 1996.<\/p>\n<p>Fonte: Ag\u00eancia Brasil<\/p>\n","protected":false},"excerpt":{"rendered":"<p>O Minist\u00e9rio da Educa\u00e7\u00e3o informou que a Base Nacional Comum Curricular (BNCC), aprovada hoje (15) pelo Conselho Nacional de Educa\u00e7\u00e3o (CNE), deve ser homologada na pr\u00f3xima quarta-feira (20). O documento estabelece o que deve ser ensinado nas escolas p\u00fablicas e privadas ao longo da escolaridade b\u00e1sica. Escolas e redes de ensino ter\u00e3o que rever e [&hellip;]<\/p>\n","protected":false},"author":96,"featured_media":87688,"comment_status":"closed","ping_status":"closed","sticky":false,"template":"","format":"standard","meta":{"footnotes":""},"categories":[302],"tags":[],"class_list":["post-87689","post","type-post","status-publish","format-standard","has-post-thumbnail","hentry","category-brasil-mundo"],"_links":{"self":[{"href":"https:\/\/diarioregionaldigital.com.br\/index.php?rest_route=\/wp\/v2\/posts\/87689","targetHints":{"allow":["GET"]}}],"collection":[{"href":"https:\/\/diarioregionaldigital.com.br\/index.php?rest_route=\/wp\/v2\/posts"}],"about":[{"href":"https:\/\/diarioregionaldigital.com.br\/index.php?rest_route=\/wp\/v2\/types\/post"}],"author":[{"embeddable":true,"href":"https:\/\/diarioregionaldigital.com.br\/index.php?rest_route=\/wp\/v2\/users\/96"}],"replies":[{"embeddable":true,"href":"https:\/\/diarioregionaldigital.com.br\/index.php?rest_route=%2Fwp%2Fv2%2Fcomments&post=87689"}],"version-history":[{"count":0,"href":"https:\/\/diarioregionaldigital.com.br\/index.php?rest_route=\/wp\/v2\/posts\/87689\/revisions"}],"wp:featuredmedia":[{"embeddable":true,"href":"https:\/\/diarioregionaldigital.com.br\/index.php?rest_route=\/wp\/v2\/media\/87688"}],"wp:attachment":[{"href":"https:\/\/diarioregionaldigital.com.br\/index.php?rest_route=%2Fwp%2Fv2%2Fmedia&parent=87689"}],"wp:term":[{"taxonomy":"category","embeddable":true,"href":"https:\/\/diarioregionaldigital.com.br\/index.php?rest_route=%2Fwp%2Fv2%2Fcategories&post=87689"},{"taxonomy":"post_tag","embeddable":true,"href":"https:\/\/diarioregionaldigital.com.br\/index.php?rest_route=%2Fwp%2Fv2%2Ftags&post=87689"}],"curies":[{"name":"wp","href":"https:\/\/api.w.org\/{rel}","templated":true}]}}