{"id":87437,"date":"2017-12-13T22:18:37","date_gmt":"2017-12-14T00:18:37","guid":{"rendered":"http:\/\/diarioregionaljf.com.br\/2017\/12\/13\/espetaculo-tributo-a-minas-gerais-acontece-nesta-sexta-feira\/"},"modified":"2017-12-13T22:18:37","modified_gmt":"2017-12-14T00:18:37","slug":"espetaculo-tributo-a-minas-gerais-acontece-nesta-sexta-feira","status":"publish","type":"post","link":"https:\/\/diarioregionaldigital.com.br\/?p=87437","title":{"rendered":"Espet\u00e1culo &#8220;Tributo a Minas Gerais&#8221; acontece nesta sexta-feira"},"content":{"rendered":"<p>\u201cTributo a Minas Gerais: Esse Trem vai Fic\u00e1 \u00e9 B\u00e3o Dimais, S\u00f4!\u201d. Esse \u00e9 o tema do espet\u00e1culo promovido pelo Programa de Atividade F\u00edsica e Qualidade de Vida (PAFQV), da Secretaria de Administra\u00e7\u00e3o e Recursos Humanos (SARH) da Prefeitura de Juiz de Fora (PJF), que ser\u00e1 apresentado nesta sexta-feira, 15, \u00e0s 20 horas, no MHall (Av. Brasil, 6.955 \u2013 Bairro Mariano Proc\u00f3pio).<\/p>\n<p>Os interessados podem adquirir o ingresso por R$ 20, na sala multimeios do Museu Ferrovi\u00e1rio (Avenida Brasil, 2.001), das 7 \u00e0s 8h30, ou das 18h30 \u00e0s 20h30, ou no Departamento de Ambi\u00eancia Organizacional (Rua Marechal Deodoro, 230, 7\u00ba andar, Centro), das 10 \u00e0s 16 horas. Os convites s\u00e3o limitados.<\/p>\n<p>A mostra reunir\u00e1 apresenta\u00e7\u00f5es dos alunos do PAFQV, levando ao palco coreografias de dan\u00e7a de sal\u00e3o, como bolero, tango, samba, valsa, forr\u00f3 e sertanejo, entre outras, contando tamb\u00e9m com a participa\u00e7\u00e3o dos alunos de zumba, ioga e jazz.<\/p>\n<p>Todas as performances incluir\u00e3o can\u00e7\u00f5es de compositores ou cantores mineiros, como Beto Guedes, Vander Lee, Toninho Geraes e Gustavo Lima, al\u00e9m da Banda Skank e de artistas locais, como Alessandra Crispim, Myllena e Mam\u00e3o. Depois do espet\u00e1culo, haver\u00e1 evento dan\u00e7ante de confraterniza\u00e7\u00e3o, ao som do DJ Afonso.<\/p>\n<p><strong>O programa<\/strong><\/p>\n<p>Desenvolvido pelo Departamento de Ambi\u00eancia Organizacional (Damor) da Subsecretaria de Pessoas (SSP) da SARH, o PAFQV concede aos servidores a pr\u00e1tica de atividades f\u00edsicas orientadas e a viv\u00eancia de experi\u00eancia de cunho art\u00edstico-cultural, contando com professores qualificados, e oferecendo, gratuitamente, aulas regulares de diversas modalidades.<\/p>\n<hr \/>\n<p>&nbsp;Fonte: Assessoria\/PJF<\/p>\n","protected":false},"excerpt":{"rendered":"<p>\u201cTributo a Minas Gerais: Esse Trem vai Fic\u00e1 \u00e9 B\u00e3o Dimais, S\u00f4!\u201d. Esse \u00e9 o tema do espet\u00e1culo promovido pelo Programa de Atividade F\u00edsica e Qualidade de Vida (PAFQV), da Secretaria de Administra\u00e7\u00e3o e Recursos Humanos (SARH) da Prefeitura de Juiz de Fora (PJF), que ser\u00e1 apresentado nesta sexta-feira, 15, \u00e0s 20 horas, no MHall [&hellip;]<\/p>\n","protected":false},"author":96,"featured_media":87436,"comment_status":"closed","ping_status":"closed","sticky":false,"template":"","format":"standard","meta":{"footnotes":""},"categories":[256],"tags":[],"class_list":["post-87437","post","type-post","status-publish","format-standard","has-post-thumbnail","hentry","category-cultura"],"_links":{"self":[{"href":"https:\/\/diarioregionaldigital.com.br\/index.php?rest_route=\/wp\/v2\/posts\/87437","targetHints":{"allow":["GET"]}}],"collection":[{"href":"https:\/\/diarioregionaldigital.com.br\/index.php?rest_route=\/wp\/v2\/posts"}],"about":[{"href":"https:\/\/diarioregionaldigital.com.br\/index.php?rest_route=\/wp\/v2\/types\/post"}],"author":[{"embeddable":true,"href":"https:\/\/diarioregionaldigital.com.br\/index.php?rest_route=\/wp\/v2\/users\/96"}],"replies":[{"embeddable":true,"href":"https:\/\/diarioregionaldigital.com.br\/index.php?rest_route=%2Fwp%2Fv2%2Fcomments&post=87437"}],"version-history":[{"count":0,"href":"https:\/\/diarioregionaldigital.com.br\/index.php?rest_route=\/wp\/v2\/posts\/87437\/revisions"}],"wp:featuredmedia":[{"embeddable":true,"href":"https:\/\/diarioregionaldigital.com.br\/index.php?rest_route=\/wp\/v2\/media\/87436"}],"wp:attachment":[{"href":"https:\/\/diarioregionaldigital.com.br\/index.php?rest_route=%2Fwp%2Fv2%2Fmedia&parent=87437"}],"wp:term":[{"taxonomy":"category","embeddable":true,"href":"https:\/\/diarioregionaldigital.com.br\/index.php?rest_route=%2Fwp%2Fv2%2Fcategories&post=87437"},{"taxonomy":"post_tag","embeddable":true,"href":"https:\/\/diarioregionaldigital.com.br\/index.php?rest_route=%2Fwp%2Fv2%2Ftags&post=87437"}],"curies":[{"name":"wp","href":"https:\/\/api.w.org\/{rel}","templated":true}]}}