{"id":87435,"date":"2017-12-13T22:15:54","date_gmt":"2017-12-14T00:15:54","guid":{"rendered":"http:\/\/diarioregionaljf.com.br\/2017\/12\/13\/usuarios-reclamam-de-mau-atendimento-na-ubs-do-bairro-santa-cruz\/"},"modified":"2017-12-13T22:15:54","modified_gmt":"2017-12-14T00:15:54","slug":"usuarios-reclamam-de-mau-atendimento-na-ubs-do-bairro-santa-cruz","status":"publish","type":"post","link":"https:\/\/diarioregionaldigital.com.br\/?p=87435","title":{"rendered":"Usu\u00e1rios reclamam de mau atendimento na UBS do bairro Santa Cruz"},"content":{"rendered":"<p>Por conta da falta de farmac\u00eautico na Unidade B\u00e1sica de Sa\u00fade (UBS) do bairro, h\u00e1 mais de tr\u00eas meses os moradores do S\u00e3o Judas Tadeu, zona Norte, t\u00eam se deslocado at\u00e9 a UBS do bairro Santa Cruz, na mesma regi\u00e3o, por orienta\u00e7\u00e3o da Secretaria Municipal de Sa\u00fade, para receberem medicamentos. Se j\u00e1 n\u00e3o bastasse a farm\u00e1cia da unidade estar fechada esse tempo todo, um caso ocorrido na manh\u00e3 dessa ter\u00e7a-feira, 12, na comunidade vizinha, levou os residentes a reclamar dos atendimentos que est\u00e3o recebendo.<\/p>\n<p>Conforme os relatos, al\u00e9m de questionar os medicamentos prescritos pelos m\u00e9dicos, a farmac\u00eautica da UBS do bairro Santa Cruz n\u00e3o tem cumprido com os hor\u00e1rios estabelecidos pela Secretaria de Sa\u00fade, que prev\u00ea a dispensa\u00e7\u00e3o de rem\u00e9dios no per\u00edodo de 8h \u00e0s 11h e das 13h \u00e0s 16h30. \u201cUma moradora entrou em contato com a gente alegando que a farmac\u00eautica fechou a farm\u00e1cia \u00e0s 9h e foi embora. \u00c9 um desrespeito muito grande, a fila para pegar rem\u00e9dio era muito grande, e ela simplesmente bateu a porta na cara do pessoal\u201d, conta o presidente da associa\u00e7\u00e3o dos moradores do bairro S\u00e3o Judas Tadeu, Renato Vieira Gama.<\/p>\n<p>Gama ressalta que entrou em contato com a unidade para saber o que se passava e foi surpreendido. \u201cOutra funcion\u00e1ria me atendeu e disse que n\u00e3o sabia do fato. Pedi a ela para verificar se realmente a farm\u00e1cia estava fechada, mas ela alegou que n\u00e3o tinha nada a ver com o local, e que n\u00e3o tinha autonomia para abrir a porta, pois a chave fica com a enfermeira respons\u00e1vel. A situa\u00e7\u00e3o tem nos causado muitos transtornos\u201d, explica.<\/p>\n<h4>&nbsp;<\/h4>\n<h4>OUTRO LADO<\/h4>\n<p>Sobre a falta de farmac\u00eautico da UBS de S\u00e3o Judas Tadeu, a assessoria da Secretaria de Sa\u00fade esclareceu que foi realizado concurso p\u00fablico para profissionais de diversas \u00e1reas, incluindo farmac\u00eautico, e as contrata\u00e7\u00f5es j\u00e1 est\u00e3o acontecendo, sendo que alguns profissionais j\u00e1 come\u00e7aram a trabalhar em outras unidades.<\/p>\n<p>A pasta tamb\u00e9m reitera que \u201cenquanto outros s\u00e3o chamados, os usu\u00e1rios de S\u00e3o Judas est\u00e3o sendo atendidos na UBS de Santa Cruz ou na Farm\u00e1cia Central. A Secretaria de Sa\u00fade est\u00e1 apurando as informa\u00e7\u00f5es com base nestas reclama\u00e7\u00f5es de usu\u00e1rios da UBS de Santa Cruz, para garantir que o atendimento na unidade seja oferecido da melhor forma poss\u00edvel, sempre com foco no usu\u00e1rio\u201d. O \u00f3rg\u00e3o informa, ainda, que a farm\u00e1cia da UBS Santa Cruz funciona durante todo o expediente, sendo que a dispensa\u00e7\u00e3o ocorre das 8h \u00e0s 11h e das 13h \u00e0s 16h30.<\/p>\n","protected":false},"excerpt":{"rendered":"<p>Por conta da falta de farmac\u00eautico na Unidade B\u00e1sica de Sa\u00fade (UBS) do bairro, h\u00e1 mais de tr\u00eas meses os moradores do S\u00e3o Judas Tadeu, zona Norte, t\u00eam se deslocado at\u00e9 a UBS do bairro Santa Cruz, na mesma regi\u00e3o, por orienta\u00e7\u00e3o da Secretaria Municipal de Sa\u00fade, para receberem medicamentos. Se j\u00e1 n\u00e3o bastasse a [&hellip;]<\/p>\n","protected":false},"author":96,"featured_media":87434,"comment_status":"closed","ping_status":"closed","sticky":false,"template":"","format":"standard","meta":{"footnotes":""},"categories":[253],"tags":[],"class_list":["post-87435","post","type-post","status-publish","format-standard","has-post-thumbnail","hentry","category-cidade"],"_links":{"self":[{"href":"https:\/\/diarioregionaldigital.com.br\/index.php?rest_route=\/wp\/v2\/posts\/87435","targetHints":{"allow":["GET"]}}],"collection":[{"href":"https:\/\/diarioregionaldigital.com.br\/index.php?rest_route=\/wp\/v2\/posts"}],"about":[{"href":"https:\/\/diarioregionaldigital.com.br\/index.php?rest_route=\/wp\/v2\/types\/post"}],"author":[{"embeddable":true,"href":"https:\/\/diarioregionaldigital.com.br\/index.php?rest_route=\/wp\/v2\/users\/96"}],"replies":[{"embeddable":true,"href":"https:\/\/diarioregionaldigital.com.br\/index.php?rest_route=%2Fwp%2Fv2%2Fcomments&post=87435"}],"version-history":[{"count":0,"href":"https:\/\/diarioregionaldigital.com.br\/index.php?rest_route=\/wp\/v2\/posts\/87435\/revisions"}],"wp:featuredmedia":[{"embeddable":true,"href":"https:\/\/diarioregionaldigital.com.br\/index.php?rest_route=\/wp\/v2\/media\/87434"}],"wp:attachment":[{"href":"https:\/\/diarioregionaldigital.com.br\/index.php?rest_route=%2Fwp%2Fv2%2Fmedia&parent=87435"}],"wp:term":[{"taxonomy":"category","embeddable":true,"href":"https:\/\/diarioregionaldigital.com.br\/index.php?rest_route=%2Fwp%2Fv2%2Fcategories&post=87435"},{"taxonomy":"post_tag","embeddable":true,"href":"https:\/\/diarioregionaldigital.com.br\/index.php?rest_route=%2Fwp%2Fv2%2Ftags&post=87435"}],"curies":[{"name":"wp","href":"https:\/\/api.w.org\/{rel}","templated":true}]}}