{"id":87433,"date":"2017-12-13T22:10:18","date_gmt":"2017-12-14T00:10:18","guid":{"rendered":"http:\/\/diarioregionaljf.com.br\/2017\/12\/13\/campanha-de-natal-arrecada-produtos-de-higiene-para-pacientes-da-casa-sao-camilo-de-lelis\/"},"modified":"2017-12-13T22:10:18","modified_gmt":"2017-12-14T00:10:18","slug":"campanha-de-natal-arrecada-produtos-de-higiene-para-pacientes-da-casa-sao-camilo-de-lelis","status":"publish","type":"post","link":"https:\/\/diarioregionaldigital.com.br\/?p=87433","title":{"rendered":"Campanha de Natal arrecada produtos de higiene para pacientes da \u201cCasa S\u00e3o Camilo de Lelis\u201d"},"content":{"rendered":"<p>A campanha de Natal organizada pela \u201cCasa S\u00e3o Camilo de Lelis\u201d chega a mais uma edi\u00e7\u00e3o. O objetivo \u00e9 arrecadar produtos de higiene pessoal, que ir\u00e3o beneficiar os pacientes da entidade. A comunidade est\u00e1 convidada a participar, seja doando produtos ou disponibilizando um ponto de coleta.<\/p>\n<p>Sabonete, shampoo, condicionador, creme dental, escova de dente, desodorante e papel higi\u00eanico s\u00e3o alguns dos produtos que podem ser doados. Eles precisam ser novos, al\u00e9m de estarem dentro do prazo de validade. Ao longo dos pr\u00f3ximos meses, todo o material arrecadado ser\u00e1 utilizado pelos pacientes da institui\u00e7\u00e3o, conforme sua necessidade e per\u00edodo de interna\u00e7\u00e3o. \u201c\u00c9 uma a\u00e7\u00e3o muito importante que ajuda a Casa e mobiliza as pessoas que querem ajudar. Traz grandes benef\u00edcios para todas as partes envolvidas\u201d, afirma a diretora administrativa, Marilda Bellini.<\/p>\n<p>Quem quiser colaborar com a campanha, pode deixar a doa\u00e7\u00e3o na sede da institui\u00e7\u00e3o, localizado na Rua Jos\u00e9 Nunes Leal, n\u00ba42, bairro Santa Luzia, zona Sul, ou entrar em contato pelo telefone (32) 3234-1676. \u201cFicamos muito felizes em receber ajuda, principalmente nesta \u00e9poca do ano. A dispensa fica abastecida, com produtos de higiene, limpeza, alimentos, o que nos ajuda at\u00e9 o meio do pr\u00f3ximo ano\u201d, refor\u00e7a Marilda.<\/p>\n<p>&nbsp;<\/p>\n<p>SOBRE A CASA &#8220;S\u00c3O CAMILO DE LELIS&#8221;<\/p>\n<p>Fundada em outubro de 1971, a entidade filantr\u00f3pica tem o objetivo de levar conforto e alegria para pessoas em situa\u00e7\u00e3o de rua, que necessitam de cuidados. Atualmente, 22 idosos est\u00e3o internados, recebendo suporte m\u00e9dico e assistencial. A institui\u00e7\u00e3o possui ainda fila de espera, com cerca de 80 nomes cadastrados.<\/p>\n<p>\u201cNossa proposta \u00e9 atender os moradores de rua, pessoas que foram abandonadas ou que as fam\u00edlias n\u00e3o t\u00eam condi\u00e7\u00f5es de cuidar. Em alguns casos, elas est\u00e3o realizando tratamento contra o v\u00edcio em \u00e1lcool e drogas, chegam e n\u00e3o sabem quando v\u00e3o sair. Temos moradores que j\u00e1 est\u00e3o aqui h\u00e1 15 anos, que dependem do apoio de outras pessoas\u201d, diz Marilda.<\/p>\n<p>A Casa conta com o trabalho de 16 profissionais contratados e cerca de cem volunt\u00e1rios que ajudam nas demandas. A institui\u00e7\u00e3o \u00e9 mantida com doa\u00e7\u00f5es. \u201cVivemos de doa\u00e7\u00f5es, tanto materiais quanto financeiras. Volunt\u00e1rios que queiram trazer momentos de conforto e alegria aos nossos moradores tamb\u00e9m s\u00e3o muito bem-vindos. O intuito \u00e9 abrir as portas para que todos conhe\u00e7am\u201d, reitera.<\/p>\n","protected":false},"excerpt":{"rendered":"<p>A campanha de Natal organizada pela \u201cCasa S\u00e3o Camilo de Lelis\u201d chega a mais uma edi\u00e7\u00e3o. O objetivo \u00e9 arrecadar produtos de higiene pessoal, que ir\u00e3o beneficiar os pacientes da entidade. A comunidade est\u00e1 convidada a participar, seja doando produtos ou disponibilizando um ponto de coleta. Sabonete, shampoo, condicionador, creme dental, escova de dente, desodorante [&hellip;]<\/p>\n","protected":false},"author":96,"featured_media":87432,"comment_status":"closed","ping_status":"closed","sticky":false,"template":"","format":"standard","meta":{"footnotes":""},"categories":[262],"tags":[],"class_list":["post-87433","post","type-post","status-publish","format-standard","has-post-thumbnail","hentry","category-noticias"],"_links":{"self":[{"href":"https:\/\/diarioregionaldigital.com.br\/index.php?rest_route=\/wp\/v2\/posts\/87433","targetHints":{"allow":["GET"]}}],"collection":[{"href":"https:\/\/diarioregionaldigital.com.br\/index.php?rest_route=\/wp\/v2\/posts"}],"about":[{"href":"https:\/\/diarioregionaldigital.com.br\/index.php?rest_route=\/wp\/v2\/types\/post"}],"author":[{"embeddable":true,"href":"https:\/\/diarioregionaldigital.com.br\/index.php?rest_route=\/wp\/v2\/users\/96"}],"replies":[{"embeddable":true,"href":"https:\/\/diarioregionaldigital.com.br\/index.php?rest_route=%2Fwp%2Fv2%2Fcomments&post=87433"}],"version-history":[{"count":0,"href":"https:\/\/diarioregionaldigital.com.br\/index.php?rest_route=\/wp\/v2\/posts\/87433\/revisions"}],"wp:featuredmedia":[{"embeddable":true,"href":"https:\/\/diarioregionaldigital.com.br\/index.php?rest_route=\/wp\/v2\/media\/87432"}],"wp:attachment":[{"href":"https:\/\/diarioregionaldigital.com.br\/index.php?rest_route=%2Fwp%2Fv2%2Fmedia&parent=87433"}],"wp:term":[{"taxonomy":"category","embeddable":true,"href":"https:\/\/diarioregionaldigital.com.br\/index.php?rest_route=%2Fwp%2Fv2%2Fcategories&post=87433"},{"taxonomy":"post_tag","embeddable":true,"href":"https:\/\/diarioregionaldigital.com.br\/index.php?rest_route=%2Fwp%2Fv2%2Ftags&post=87433"}],"curies":[{"name":"wp","href":"https:\/\/api.w.org\/{rel}","templated":true}]}}