{"id":87431,"date":"2017-12-13T22:08:16","date_gmt":"2017-12-14T00:08:16","guid":{"rendered":"http:\/\/diarioregionaljf.com.br\/2017\/12\/13\/publico-podera-prestigiar-tres-espetaculos-juiz-foranos-esta-semana\/"},"modified":"2017-12-13T22:08:16","modified_gmt":"2017-12-14T00:08:16","slug":"publico-podera-prestigiar-tres-espetaculos-juiz-foranos-esta-semana","status":"publish","type":"post","link":"https:\/\/diarioregionaldigital.com.br\/?p=87431","title":{"rendered":"P\u00fablico poder\u00e1 prestigiar tr\u00eas espet\u00e1culos juiz-foranos esta semana"},"content":{"rendered":"<p>Representando a cena teatral de Juiz de Fora, tr\u00eas montagens de artistas locais ainda podem ser prestigiadas at\u00e9 o fim de semana no \u201cATO\u201d, evento da Prefeitura de Juiz de Fora, realizado pela Funda\u00e7\u00e3o Cultural Alfredo Ferreira Lage (Funalfa).<\/p>\n<p>Os ingressos est\u00e3o \u00e0 venda no Centro Cultural Bernardo Mascarenhas (CCBM), onde as apresenta\u00e7\u00f5es acontecem, na Av. Get\u00falio Vargas, 200, Centro.<\/p>\n<p>Nesta quinta, 14, \u00e0s 20 horas, o p\u00fablico poder\u00e1 conferir a pe\u00e7a \u201cPalha\u00e7os\u201d, do GTMG\/Cia. Tralha. No palco, dois atores dividem a cena para mostrar a rela\u00e7\u00e3o entre um palha\u00e7o em fim de carreira e um de seus espectadores.<\/p>\n<p>O encontro, que propunha ser um gesto de admira\u00e7\u00e3o do f\u00e3 por seu \u00eddolo, transforma-se em um jogo cruel de invers\u00e3o de personalidades. Os personagens travam uma batalha agressiva, estabelecendo um verdadeiro enfrentamento interpessoal.<\/p>\n<p>Cenografia e figurino, idealizados por Alexandre Guttierrez, Marcos Marchiori e Bruno Quiossa, foram trabalhados em tons monocrom\u00e1ticos, indicando a melancolia dos personagens e do universo retratado. Para contrastar com a est\u00e9tica acinzentada da pe\u00e7a, foram utilizados adere\u00e7os em cores intensas, simbolizando a vida que se esconde sob o estado de degrada\u00e7\u00e3o dos personagens. A pe\u00e7a foi viabilizada por meio da Lei de Incentivo \u00e0 Cultura \u201cMurilo Mendes\u201d e tem como classifica\u00e7\u00e3o 16 anos.<\/p>\n<p><strong>#Trintei<\/strong><\/p>\n<p>No espet\u00e1culo \u201c#Trintei\u201d, a Cia. Santa Corja apresenta ao p\u00fablico os dilemas dessa \u00e9poca. Quatro personagens desabafam, de forma leve e descontra\u00edda, sobre a crise de idade, no div\u00e3 de uma psic\u00f3loga. Composta pela uni\u00e3o de quatro mon\u00f3logos, a pe\u00e7a aborda o conflito sofrido por Bruce, Camila, Elisa e Ren\u00e9, que se questionam acerca dos dilemas que circundam suas vidas, como carreira profissional, relacionamento e cobran\u00e7as sociais exercidas sobre as pessoas. A com\u00e9dia ser\u00e1 apresentada sexta, 15, \u00e0s 20 horas. A classifica\u00e7\u00e3o \u00e9 14 anos.<\/p>\n<p><strong>Se bicho eu pudesse ser<\/strong><\/p>\n<p>A crian\u00e7ada tamb\u00e9m tem vez no \u201cATO\u201d. No s\u00e1bado, 16, a Caravana de Hist\u00f3rias encenar\u00e1 a pe\u00e7a \u201cSe Bicho Eu Pudesse Ser\u201d, que re\u00fane algumas linguagens art\u00edsticas, como a conta\u00e7\u00e3o de hist\u00f3rias, o teatro e a m\u00fasica. Tendo como fio condutor a literatura, o grupo passeia e interage pelo universo l\u00fadico e encantador do mundo das hist\u00f3rias. Com o objetivo de estudar, refletir e praticar a conta\u00e7\u00e3o de hist\u00f3rias, a proposta potencializa a pr\u00e1tica de narrativas de contos populares, a partir de uma sele\u00e7\u00e3o de hist\u00f3rias e m\u00fasicas com a tem\u00e1tica de bichos.<\/p>\n<p>A sess\u00e3o \u00e9 livre e acontece \u00e0s 15 horas.<\/p>\n<hr \/>\n<p>&nbsp;Fonte: Assessoria\/PJF<\/p>\n","protected":false},"excerpt":{"rendered":"<p>Representando a cena teatral de Juiz de Fora, tr\u00eas montagens de artistas locais ainda podem ser prestigiadas at\u00e9 o fim de semana no \u201cATO\u201d, evento da Prefeitura de Juiz de Fora, realizado pela Funda\u00e7\u00e3o Cultural Alfredo Ferreira Lage (Funalfa). Os ingressos est\u00e3o \u00e0 venda no Centro Cultural Bernardo Mascarenhas (CCBM), onde as apresenta\u00e7\u00f5es acontecem, na [&hellip;]<\/p>\n","protected":false},"author":96,"featured_media":87430,"comment_status":"closed","ping_status":"closed","sticky":false,"template":"","format":"standard","meta":{"footnotes":""},"categories":[256],"tags":[],"class_list":["post-87431","post","type-post","status-publish","format-standard","has-post-thumbnail","hentry","category-cultura"],"_links":{"self":[{"href":"https:\/\/diarioregionaldigital.com.br\/index.php?rest_route=\/wp\/v2\/posts\/87431","targetHints":{"allow":["GET"]}}],"collection":[{"href":"https:\/\/diarioregionaldigital.com.br\/index.php?rest_route=\/wp\/v2\/posts"}],"about":[{"href":"https:\/\/diarioregionaldigital.com.br\/index.php?rest_route=\/wp\/v2\/types\/post"}],"author":[{"embeddable":true,"href":"https:\/\/diarioregionaldigital.com.br\/index.php?rest_route=\/wp\/v2\/users\/96"}],"replies":[{"embeddable":true,"href":"https:\/\/diarioregionaldigital.com.br\/index.php?rest_route=%2Fwp%2Fv2%2Fcomments&post=87431"}],"version-history":[{"count":0,"href":"https:\/\/diarioregionaldigital.com.br\/index.php?rest_route=\/wp\/v2\/posts\/87431\/revisions"}],"wp:featuredmedia":[{"embeddable":true,"href":"https:\/\/diarioregionaldigital.com.br\/index.php?rest_route=\/wp\/v2\/media\/87430"}],"wp:attachment":[{"href":"https:\/\/diarioregionaldigital.com.br\/index.php?rest_route=%2Fwp%2Fv2%2Fmedia&parent=87431"}],"wp:term":[{"taxonomy":"category","embeddable":true,"href":"https:\/\/diarioregionaldigital.com.br\/index.php?rest_route=%2Fwp%2Fv2%2Fcategories&post=87431"},{"taxonomy":"post_tag","embeddable":true,"href":"https:\/\/diarioregionaldigital.com.br\/index.php?rest_route=%2Fwp%2Fv2%2Ftags&post=87431"}],"curies":[{"name":"wp","href":"https:\/\/api.w.org\/{rel}","templated":true}]}}