{"id":87427,"date":"2017-12-13T22:04:11","date_gmt":"2017-12-14T00:04:11","guid":{"rendered":"http:\/\/diarioregionaljf.com.br\/2017\/12\/13\/settra-interdita-rua-no-bairro-grajau-nesta-quinta-feira\/"},"modified":"2017-12-13T22:04:11","modified_gmt":"2017-12-14T00:04:11","slug":"settra-interdita-rua-no-bairro-grajau-nesta-quinta-feira","status":"publish","type":"post","link":"https:\/\/diarioregionaldigital.com.br\/?p=87427","title":{"rendered":"Settra interdita rua no Bairro Graja\u00fa nesta quinta-feira"},"content":{"rendered":"<p>Nesta quinta-feira, 14, a Secretaria de Transporte e Tr\u00e2nsito (Settra) da Prefeitura de Juiz de Fora (PJF) interditar\u00e1 a Rua Raulina Magalh\u00e3es Gomes, entre as ruas Doutor Ac\u00e1cio Teixeira e Nossa Senhora do L\u00edbano, no Bairro Graja\u00fa. A altera\u00e7\u00e3o acontecer\u00e1 das 18h \u00e0s 21 horas, em virtude de evento religioso.<\/p>\n<p>Por conta disso, a linha 426 (Graj\u00e1u) ter\u00e1 o itiner\u00e1rio no sentido bairro\/Centro alterado. A partir da Rua Beliz\u00e1rio de Castro, o coletivo seguir\u00e1 pelas ruas Dr. Ac\u00e1cio Teixeira, Capit\u00e3o Bicalho, Vitorino Braga e Garibaldi Campinhos.<\/p>\n<hr \/>\n<p>&nbsp;Fonte: Assessoria\/PJF<\/p>\n","protected":false},"excerpt":{"rendered":"<p>Nesta quinta-feira, 14, a Secretaria de Transporte e Tr\u00e2nsito (Settra) da Prefeitura de Juiz de Fora (PJF) interditar\u00e1 a Rua Raulina Magalh\u00e3es Gomes, entre as ruas Doutor Ac\u00e1cio Teixeira e Nossa Senhora do L\u00edbano, no Bairro Graja\u00fa. A altera\u00e7\u00e3o acontecer\u00e1 das 18h \u00e0s 21 horas, em virtude de evento religioso. Por conta disso, a linha [&hellip;]<\/p>\n","protected":false},"author":96,"featured_media":87426,"comment_status":"closed","ping_status":"closed","sticky":false,"template":"","format":"standard","meta":{"footnotes":""},"categories":[253],"tags":[],"class_list":["post-87427","post","type-post","status-publish","format-standard","has-post-thumbnail","hentry","category-cidade"],"_links":{"self":[{"href":"https:\/\/diarioregionaldigital.com.br\/index.php?rest_route=\/wp\/v2\/posts\/87427","targetHints":{"allow":["GET"]}}],"collection":[{"href":"https:\/\/diarioregionaldigital.com.br\/index.php?rest_route=\/wp\/v2\/posts"}],"about":[{"href":"https:\/\/diarioregionaldigital.com.br\/index.php?rest_route=\/wp\/v2\/types\/post"}],"author":[{"embeddable":true,"href":"https:\/\/diarioregionaldigital.com.br\/index.php?rest_route=\/wp\/v2\/users\/96"}],"replies":[{"embeddable":true,"href":"https:\/\/diarioregionaldigital.com.br\/index.php?rest_route=%2Fwp%2Fv2%2Fcomments&post=87427"}],"version-history":[{"count":0,"href":"https:\/\/diarioregionaldigital.com.br\/index.php?rest_route=\/wp\/v2\/posts\/87427\/revisions"}],"wp:featuredmedia":[{"embeddable":true,"href":"https:\/\/diarioregionaldigital.com.br\/index.php?rest_route=\/wp\/v2\/media\/87426"}],"wp:attachment":[{"href":"https:\/\/diarioregionaldigital.com.br\/index.php?rest_route=%2Fwp%2Fv2%2Fmedia&parent=87427"}],"wp:term":[{"taxonomy":"category","embeddable":true,"href":"https:\/\/diarioregionaldigital.com.br\/index.php?rest_route=%2Fwp%2Fv2%2Fcategories&post=87427"},{"taxonomy":"post_tag","embeddable":true,"href":"https:\/\/diarioregionaldigital.com.br\/index.php?rest_route=%2Fwp%2Fv2%2Ftags&post=87427"}],"curies":[{"name":"wp","href":"https:\/\/api.w.org\/{rel}","templated":true}]}}