{"id":87425,"date":"2017-12-13T22:02:53","date_gmt":"2017-12-14T00:02:53","guid":{"rendered":"http:\/\/diarioregionaljf.com.br\/2017\/12\/13\/cem-realiza-festival-de-teatro-e-contacao-de-historias\/"},"modified":"2017-12-13T22:02:53","modified_gmt":"2017-12-14T00:02:53","slug":"cem-realiza-festival-de-teatro-e-contacao-de-historias","status":"publish","type":"post","link":"https:\/\/diarioregionaldigital.com.br\/?p=87425","title":{"rendered":"CEM realiza festival de teatro e conta\u00e7\u00e3o de hist\u00f3rias"},"content":{"rendered":"<p>A fim de mostrar a familiares e amigos os projetos realizados durante todo o ano, o grupo \u201cARTEiros do CEM\u201d apresentou, na ter\u00e7a-feira, 12, a terceira edi\u00e7\u00e3o de seu \u201cFestival de Teatro e Conta\u00e7\u00e3o de Hist\u00f3rias\u201d, no \u201cCentro de Educa\u00e7\u00e3o de Jovens e Adultos Dr. Geraldo Moutinho (CEM)\u201d.<\/p>\n<p>Formado por alunos da institui\u00e7\u00e3o, o grupo foi idealizado e criado pela professora de teatro da unidade, Fernanda Souza, em 2002, e funcionou durante o tempo em que ela trabalhou na escola. Ao retornar para a institui\u00e7\u00e3o, em 2015, Fernanda retomou o projeto. Hoje, o \u201cARTEiros do CEM\u201d \u00e9 composto por 28 alunos das oficinas, na faixa et\u00e1ria de 13 a 76 anos.<\/p>\n<p>Fernanda contou que o grupo trabalha para \u201cvivenciar a arte de maneira l\u00fadica, alegre e pedag\u00f3gica\u201d. Ela explica que as oficinas do CEM s\u00e3o abertas \u00e0 comunidade. \u201cQualquer pessoa de qualquer idade e localidade pode participar. Basta ter a vaga\u201d.<\/p>\n<p>O festival foi realizado a partir de apresenta\u00e7\u00f5es desenvolvidas durante o ano. \u201cN\u00f3s fazemos muitas apresenta\u00e7\u00f5es em escolas, vamos a outras cidades, outros lugares, e a fam\u00edlia mesmo n\u00e3o consegue assistir. Se vamos a uma escola, \u00e9 de portas fechadas; na \u201cMostra Estudantil\u201d s\u00e3o hor\u00e1rios em que a fam\u00edlia n\u00e3o pode ir\u201d, explica Fernanda. \u201cPor isso, apresentamos o festival em tr\u00eas turnos: de manh\u00e3, \u00e0 tarde e \u00e0 noite.\u201d<\/p>\n<p>Para a professora, nas apresenta\u00e7\u00f5es, \u201cal\u00e9m de se trabalhar a autoestima, tamb\u00e9m se adquire conhecimento. Cada projeto tem um estudo, n\u00e3o pegamos um texto e simplesmente apresentamos. Fazemos textos que eles constru\u00edram, baseados em conte\u00fados que precisamos adquirir\u201d.<\/p>\n<p>Fernanda tamb\u00e9m falou do contato cultural proporcionado pelo projeto. \u201cEles t\u00eam acesso \u00e0 cultura, apresentam-se em v\u00e1rios lugares, t\u00eam contato com o povo. \u00c9 um projeto que enriquece muito o aluno, tanto na parte educacional como na cultural, na f\u00edsica, na mental.\u201d<\/p>\n<p>O CEM oferece atendimento dos anos finais do ensino fundamental e da Educa\u00e7\u00e3o de Jovens e Adultos (EJA). A institui\u00e7\u00e3o conta com diversas oficinas art\u00edsticas e educativas: teatro, dan\u00e7a, conta\u00e7\u00e3o de hist\u00f3rias, inform\u00e1tica, ingl\u00eas, espanhol, artes, artesanato, corte e costura, manicure etc. \u00c9 uma escola de educa\u00e7\u00e3o inclusiva.<\/p>\n<hr \/>\n<p>&nbsp;Fonte: Assessoria\/PJF<\/p>\n","protected":false},"excerpt":{"rendered":"<p>A fim de mostrar a familiares e amigos os projetos realizados durante todo o ano, o grupo \u201cARTEiros do CEM\u201d apresentou, na ter\u00e7a-feira, 12, a terceira edi\u00e7\u00e3o de seu \u201cFestival de Teatro e Conta\u00e7\u00e3o de Hist\u00f3rias\u201d, no \u201cCentro de Educa\u00e7\u00e3o de Jovens e Adultos Dr. Geraldo Moutinho (CEM)\u201d. Formado por alunos da institui\u00e7\u00e3o, o grupo [&hellip;]<\/p>\n","protected":false},"author":96,"featured_media":87424,"comment_status":"closed","ping_status":"closed","sticky":false,"template":"","format":"standard","meta":{"footnotes":""},"categories":[256],"tags":[],"class_list":["post-87425","post","type-post","status-publish","format-standard","has-post-thumbnail","hentry","category-cultura"],"_links":{"self":[{"href":"https:\/\/diarioregionaldigital.com.br\/index.php?rest_route=\/wp\/v2\/posts\/87425","targetHints":{"allow":["GET"]}}],"collection":[{"href":"https:\/\/diarioregionaldigital.com.br\/index.php?rest_route=\/wp\/v2\/posts"}],"about":[{"href":"https:\/\/diarioregionaldigital.com.br\/index.php?rest_route=\/wp\/v2\/types\/post"}],"author":[{"embeddable":true,"href":"https:\/\/diarioregionaldigital.com.br\/index.php?rest_route=\/wp\/v2\/users\/96"}],"replies":[{"embeddable":true,"href":"https:\/\/diarioregionaldigital.com.br\/index.php?rest_route=%2Fwp%2Fv2%2Fcomments&post=87425"}],"version-history":[{"count":0,"href":"https:\/\/diarioregionaldigital.com.br\/index.php?rest_route=\/wp\/v2\/posts\/87425\/revisions"}],"wp:featuredmedia":[{"embeddable":true,"href":"https:\/\/diarioregionaldigital.com.br\/index.php?rest_route=\/wp\/v2\/media\/87424"}],"wp:attachment":[{"href":"https:\/\/diarioregionaldigital.com.br\/index.php?rest_route=%2Fwp%2Fv2%2Fmedia&parent=87425"}],"wp:term":[{"taxonomy":"category","embeddable":true,"href":"https:\/\/diarioregionaldigital.com.br\/index.php?rest_route=%2Fwp%2Fv2%2Fcategories&post=87425"},{"taxonomy":"post_tag","embeddable":true,"href":"https:\/\/diarioregionaldigital.com.br\/index.php?rest_route=%2Fwp%2Fv2%2Ftags&post=87425"}],"curies":[{"name":"wp","href":"https:\/\/api.w.org\/{rel}","templated":true}]}}