{"id":87423,"date":"2017-12-13T21:59:06","date_gmt":"2017-12-13T23:59:06","guid":{"rendered":"http:\/\/diarioregionaljf.com.br\/2017\/12\/13\/setenta-criancas-recebem-oculos-na-secretaria-de-educacao\/"},"modified":"2017-12-13T21:59:06","modified_gmt":"2017-12-13T23:59:06","slug":"setenta-criancas-recebem-oculos-na-secretaria-de-educacao","status":"publish","type":"post","link":"https:\/\/diarioregionaldigital.com.br\/?p=87423","title":{"rendered":"Setenta crian\u00e7as recebem \u00f3culos na Secretaria de Educa\u00e7\u00e3o"},"content":{"rendered":"<p>Atrav\u00e9s do programa \u201cVer \u00e9 Viver\u201d, da Secretaria de Educa\u00e7\u00e3o (SE) da Prefeitura de Juiz de Fora (PJF), em parceria com a ArcelorMittal, foram entregues, nesta quarta-feira, 13, 70 \u00f3culos de grau a alunos de quatro escolas da rede municipal, em cerim\u00f4nia na SE. Durante a entrega, crian\u00e7as e seus respons\u00e1veis receberam orienta\u00e7\u00f5es sobre o uso e cuidado dos objetos.<\/p>\n<p>Durante este ano, as escolas municipais \u201cDr. Adhemar Rezende de Andrade\u201d, \u201cJo\u00e3o Guimar\u00e3es Rosa\u201d, \u201cJos\u00e9 Calil Ahouagi\u201d e \u201cSantos Dumont\u201d foram atendidas pelo programa. Atrav\u00e9s de testes de acuidade visual, identificou-se a necessidade do uso de \u00f3culos de grau por alguns alunos. O programa tamb\u00e9m foi respons\u00e1vel pelo encaminhamento das crian\u00e7as para as consultas m\u00e9dicas e a confec\u00e7\u00e3o dos \u00f3culos.<\/p>\n<p>A gerente do Departamento de Inclus\u00e3o e Aten\u00e7\u00e3o ao Estudante da SE, Tania Azevedo, revelou que \u201cmuitas vezes, as crian\u00e7as se queixam por dificuldade de aprender, o que \u00e9 colocado como dificuldade intelectual. Mas com o uso dos \u00f3culos, verifica-se que o problema era no campo visual\u201d. Ela esclareceu que, para 2018, h\u00e1 o interesse na continuidade do projeto, ampliando para outras escolas.<\/p>\n<p>Keila de Almeida, m\u00e3e de Ketlyn, de 7 anos, contou que a filha j\u00e1 havia usado \u00f3culos antes, mas seu uso \u201cfoi suspenso pela m\u00e9dica, por conta de uma cirurgia de estrabismo\u201d. Pelo programa \u201cVer \u00e9 viver\u201d, detectou-se a necessidade de Ketlyn voltar a usar os acess\u00f3rios, e a menina n\u00e3o escondeu a alegria com o presente novo: \u201cAchei legal, quando eu usava era muito bom\u201d, comemorou.<\/p>\n<hr \/>\n<p>&nbsp;Fonte: Assessoria\/PJF<\/p>\n","protected":false},"excerpt":{"rendered":"<p>Atrav\u00e9s do programa \u201cVer \u00e9 Viver\u201d, da Secretaria de Educa\u00e7\u00e3o (SE) da Prefeitura de Juiz de Fora (PJF), em parceria com a ArcelorMittal, foram entregues, nesta quarta-feira, 13, 70 \u00f3culos de grau a alunos de quatro escolas da rede municipal, em cerim\u00f4nia na SE. Durante a entrega, crian\u00e7as e seus respons\u00e1veis receberam orienta\u00e7\u00f5es sobre o [&hellip;]<\/p>\n","protected":false},"author":96,"featured_media":87422,"comment_status":"closed","ping_status":"closed","sticky":false,"template":"","format":"standard","meta":{"footnotes":""},"categories":[262],"tags":[],"class_list":["post-87423","post","type-post","status-publish","format-standard","has-post-thumbnail","hentry","category-noticias"],"_links":{"self":[{"href":"https:\/\/diarioregionaldigital.com.br\/index.php?rest_route=\/wp\/v2\/posts\/87423","targetHints":{"allow":["GET"]}}],"collection":[{"href":"https:\/\/diarioregionaldigital.com.br\/index.php?rest_route=\/wp\/v2\/posts"}],"about":[{"href":"https:\/\/diarioregionaldigital.com.br\/index.php?rest_route=\/wp\/v2\/types\/post"}],"author":[{"embeddable":true,"href":"https:\/\/diarioregionaldigital.com.br\/index.php?rest_route=\/wp\/v2\/users\/96"}],"replies":[{"embeddable":true,"href":"https:\/\/diarioregionaldigital.com.br\/index.php?rest_route=%2Fwp%2Fv2%2Fcomments&post=87423"}],"version-history":[{"count":0,"href":"https:\/\/diarioregionaldigital.com.br\/index.php?rest_route=\/wp\/v2\/posts\/87423\/revisions"}],"wp:featuredmedia":[{"embeddable":true,"href":"https:\/\/diarioregionaldigital.com.br\/index.php?rest_route=\/wp\/v2\/media\/87422"}],"wp:attachment":[{"href":"https:\/\/diarioregionaldigital.com.br\/index.php?rest_route=%2Fwp%2Fv2%2Fmedia&parent=87423"}],"wp:term":[{"taxonomy":"category","embeddable":true,"href":"https:\/\/diarioregionaldigital.com.br\/index.php?rest_route=%2Fwp%2Fv2%2Fcategories&post=87423"},{"taxonomy":"post_tag","embeddable":true,"href":"https:\/\/diarioregionaldigital.com.br\/index.php?rest_route=%2Fwp%2Fv2%2Ftags&post=87423"}],"curies":[{"name":"wp","href":"https:\/\/api.w.org\/{rel}","templated":true}]}}