{"id":87421,"date":"2017-12-13T21:37:05","date_gmt":"2017-12-13T23:37:05","guid":{"rendered":"http:\/\/diarioregionaljf.com.br\/2017\/12\/13\/prf-recupera-veiculo-roubado-a-mais-de-sete-anos\/"},"modified":"2017-12-13T21:37:05","modified_gmt":"2017-12-13T23:37:05","slug":"prf-recupera-veiculo-roubado-a-mais-de-sete-anos","status":"publish","type":"post","link":"https:\/\/diarioregionaldigital.com.br\/?p=87421","title":{"rendered":"PRF recupera ve\u00edculo roubado a mais de sete anos"},"content":{"rendered":"<p>Agentes da Pol\u00edcia Rodovi\u00e1ria Federal recuperaram, na BR-040, em Barbacena (a 110 Km de JF), um ve\u00edculo roubado em An\u00e1polis (GO) no ano de 2010. O ve\u00edculo, de 2007 e licenciado em Ju\u00edna (MT), ostentava placas de mesma marca e modelo que estava registrado normalmente.<\/p>\n<p>Os policiais verificaram ind\u00edcios de adultera\u00e7\u00e3o em diversos elementos identificadores e chegaram ao original atrav\u00e9s de vest\u00edgios de marca\u00e7\u00f5es encontradas em alguns componentes.<\/p>\n<p>O condutor do ve\u00edculo no momento da abordagem, um homem de 47 anos, \u00e9 motorista profissional e estava indo para Saquarema (RJ) trocar o carro por um caminh\u00e3o e retornar para o estado do Mato Grosso. Ele declarou que o ve\u00edculo j\u00e1 havia sido inclusive vistoriado outras vezes sem que descobrissem a adultera\u00e7\u00e3o.<\/p>\n<p>O condutor foi preso em flagrante e encaminhado para a Pol\u00edcia Civil em Barbacena juntamente do ve\u00edculo.<\/p>\n<p>&nbsp;<\/p>\n<p>Fonte: Assessoria<\/p>\n","protected":false},"excerpt":{"rendered":"<p>Agentes da Pol\u00edcia Rodovi\u00e1ria Federal recuperaram, na BR-040, em Barbacena (a 110 Km de JF), um ve\u00edculo roubado em An\u00e1polis (GO) no ano de 2010. O ve\u00edculo, de 2007 e licenciado em Ju\u00edna (MT), ostentava placas de mesma marca e modelo que estava registrado normalmente. Os policiais verificaram ind\u00edcios de adultera\u00e7\u00e3o em diversos elementos identificadores [&hellip;]<\/p>\n","protected":false},"author":96,"featured_media":87420,"comment_status":"closed","ping_status":"closed","sticky":false,"template":"","format":"standard","meta":{"footnotes":""},"categories":[252],"tags":[],"class_list":["post-87421","post","type-post","status-publish","format-standard","has-post-thumbnail","hentry","category-regiao"],"_links":{"self":[{"href":"https:\/\/diarioregionaldigital.com.br\/index.php?rest_route=\/wp\/v2\/posts\/87421","targetHints":{"allow":["GET"]}}],"collection":[{"href":"https:\/\/diarioregionaldigital.com.br\/index.php?rest_route=\/wp\/v2\/posts"}],"about":[{"href":"https:\/\/diarioregionaldigital.com.br\/index.php?rest_route=\/wp\/v2\/types\/post"}],"author":[{"embeddable":true,"href":"https:\/\/diarioregionaldigital.com.br\/index.php?rest_route=\/wp\/v2\/users\/96"}],"replies":[{"embeddable":true,"href":"https:\/\/diarioregionaldigital.com.br\/index.php?rest_route=%2Fwp%2Fv2%2Fcomments&post=87421"}],"version-history":[{"count":0,"href":"https:\/\/diarioregionaldigital.com.br\/index.php?rest_route=\/wp\/v2\/posts\/87421\/revisions"}],"wp:featuredmedia":[{"embeddable":true,"href":"https:\/\/diarioregionaldigital.com.br\/index.php?rest_route=\/wp\/v2\/media\/87420"}],"wp:attachment":[{"href":"https:\/\/diarioregionaldigital.com.br\/index.php?rest_route=%2Fwp%2Fv2%2Fmedia&parent=87421"}],"wp:term":[{"taxonomy":"category","embeddable":true,"href":"https:\/\/diarioregionaldigital.com.br\/index.php?rest_route=%2Fwp%2Fv2%2Fcategories&post=87421"},{"taxonomy":"post_tag","embeddable":true,"href":"https:\/\/diarioregionaldigital.com.br\/index.php?rest_route=%2Fwp%2Fv2%2Ftags&post=87421"}],"curies":[{"name":"wp","href":"https:\/\/api.w.org\/{rel}","templated":true}]}}