{"id":87419,"date":"2017-12-13T20:33:58","date_gmt":"2017-12-13T22:33:58","guid":{"rendered":"http:\/\/diarioregionaljf.com.br\/2017\/12\/13\/premio-2\/"},"modified":"2017-12-13T20:33:58","modified_gmt":"2017-12-13T22:33:58","slug":"premio-2","status":"publish","type":"post","link":"https:\/\/diarioregionaldigital.com.br\/?p=87419","title":{"rendered":"Pr\u00eamio"},"content":{"rendered":"<p style=\"text-align: center;\"><span class=\"h4\">Educa\u00e7\u00e3o<\/span><br \/>A equipe da Faculdade Uninter, composta pela gestora Maria Dornelas, a coordenadora pedag\u00f3gica K\u00e1tia Vasconcelos, o professor Ricardo Ribeiro e a int\u00e9rprete de libras Ilza Maria est\u00e3o comemorando a defesa da monografia da graduanda de pedagogia Rafaela Aleixo. Ponto para eles.<\/p>\n<p style=\"text-align: center;\"><span class=\"h4\">Campanha<\/span><br \/>O Independ\u00eancia Shopping est\u00e1 com um espa\u00e7o compartilhado ao lado da Pra\u00e7a de Alimenta\u00e7\u00e3o no L2. No mesmo ambiente funcionam o Bazar Sublime, com boas op\u00e7\u00f5es de presente de Natal e a Loja Vazia, um espa\u00e7o destinado para a a\u00e7\u00e3o solid\u00e1ria de Natal do empreendimento. L\u00e1 os clientes do Shopping podem deixar sua doa\u00e7\u00e3o de roupas, sapatos e brinquedos. Os artigos arrecadados ser\u00e3o doados para institui\u00e7\u00f5es filantr\u00f3picos.<\/p>\n<p style=\"text-align: center;\"><span class=\"h4\">M\u00fasica Boa<\/span><br \/>Juntando talento e criatividade o Caetano Brasil &amp; Grupo realizaram o \u00faltimo Show do ano com apresenta\u00e7\u00e3o impec\u00e1vel. Foi no espa\u00e7o OAndarDeBaixo e no repert\u00f3rio algumas composi\u00e7\u00f5es novas e tamb\u00e9m m\u00fasicas do primeiro CD. O p\u00fablico aplaudiu e pede bis.<\/p>\n<p style=\"text-align: center;\"><span class=\"h4\">Pr\u00eamio<\/span><br \/>A edi\u00e7\u00e3o 2017 do Festival JF Sabor, maior evento gastron\u00f4mico da regi\u00e3o, com o tema \u201cCerveja\u201d teve seu momento de premia\u00e7\u00e3o a seus vencedores, na Est\u00e2ncia Dom Vi\u00e7oso. Os restaurantes usaram de toda sua criatividade e apresentaram del\u00edcias gastron\u00f4micas.<\/p>\n<p style=\"text-align: center;\"><span class=\"h4\">Posse<\/span><br \/>Din\u00e2mica e competente, a m\u00e9dica Juliana Bolandini de Matos, natural da cidade mineira de Visconde de Rio Branco, do staff de cirurgia pl\u00e1stica da Santa Casa de Juiz de Fora, foi eleita a mais nova membro do concorrido Col\u00e9gio Brasileiro de Cirurgia Pl\u00e1stica.<\/p>\n<p style=\"text-align: center;\"><img decoding=\"async\" class=\" size-full wp-image-87410\" src=\"http:\/\/diarioregionaljf.com.br\/wp-content\/uploads\/2017\/12\/diario-int-22177-1.jpg\" alt=\"FOTOA.jpg\" width=\"680\" style=\"display: block; margin-left: auto; margin-right: auto;\" srcset=\"https:\/\/diarioregionaldigital.com.br\/wp-content\/uploads\/2017\/12\/diario-int-22177-1.jpg 680w, https:\/\/diarioregionaldigital.com.br\/wp-content\/uploads\/2017\/12\/diario-int-22177-1-266x300.jpg 266w, https:\/\/diarioregionaldigital.com.br\/wp-content\/uploads\/2017\/12\/diario-int-22177-1-360x407.jpg 360w\" sizes=\"(max-width: 680px) 100vw, 680px\" \/>O estilista das estrelas Guuh Green e a super Larissa Costa, na Elegance Noivas<\/p>\n<p style=\"text-align: center;\"><img decoding=\"async\" class=\" size-full wp-image-87411\" src=\"http:\/\/diarioregionaljf.com.br\/wp-content\/uploads\/2017\/12\/diario-int-22177-2.JPG\" alt=\"FOTOB.JPG\" width=\"680\" style=\"display: block; margin-left: auto; margin-right: auto;\" srcset=\"https:\/\/diarioregionaldigital.com.br\/wp-content\/uploads\/2017\/12\/diario-int-22177-2.JPG 680w, https:\/\/diarioregionaldigital.com.br\/wp-content\/uploads\/2017\/12\/diario-int-22177-2-300x199.jpg 300w, https:\/\/diarioregionaldigital.com.br\/wp-content\/uploads\/2017\/12\/diario-int-22177-2-360x238.jpg 360w\" sizes=\"(max-width: 680px) 100vw, 680px\" \/>No Banho de Bar da Banda Daki no Bar da F\u00e1brica, Rafael Santiago, Eduardo Gomes, Z\u00e9 Kodak, Pedro Halfeld e Beth Ank<\/p>\n<p style=\"text-align: center;\"><img decoding=\"async\" class=\" size-full wp-image-87412\" src=\"http:\/\/diarioregionaljf.com.br\/wp-content\/uploads\/2017\/12\/diario-int-22177-3.jpg\" alt=\"FOTOBB.jpg\" width=\"680\" style=\"display: block; margin-left: auto; margin-right: auto;\" srcset=\"https:\/\/diarioregionaldigital.com.br\/wp-content\/uploads\/2017\/12\/diario-int-22177-3.jpg 680w, https:\/\/diarioregionaldigital.com.br\/wp-content\/uploads\/2017\/12\/diario-int-22177-3-300x199.jpg 300w, https:\/\/diarioregionaldigital.com.br\/wp-content\/uploads\/2017\/12\/diario-int-22177-3-360x238.jpg 360w\" sizes=\"(max-width: 680px) 100vw, 680px\" \/>A querida Mam\u00e3e Noel solid\u00e1ria Ivete Gomes, em a\u00e7\u00e3o no Alameda<\/p>\n<p style=\"text-align: center;\"><img decoding=\"async\" class=\" size-full wp-image-87413\" src=\"http:\/\/diarioregionaljf.com.br\/wp-content\/uploads\/2017\/12\/diario-int-22177-4.jpg\" alt=\"FOTOAA.jpg\" width=\"680\" style=\"display: block; margin-left: auto; margin-right: auto;\" srcset=\"https:\/\/diarioregionaldigital.com.br\/wp-content\/uploads\/2017\/12\/diario-int-22177-4.jpg 680w, https:\/\/diarioregionaldigital.com.br\/wp-content\/uploads\/2017\/12\/diario-int-22177-4-300x199.jpg 300w, https:\/\/diarioregionaldigital.com.br\/wp-content\/uploads\/2017\/12\/diario-int-22177-4-360x238.jpg 360w\" sizes=\"(max-width: 680px) 100vw, 680px\" \/>Na Faculdade Uninter, K\u00e1tia Vasconcelos, o prof. Ricardo Ribeiro, Rafaela Aleixo, Ilza Maria e a gestora Maria Dornelas<\/p>\n<p style=\"text-align: center;\"><img decoding=\"async\" class=\" size-full wp-image-87414\" src=\"http:\/\/diarioregionaljf.com.br\/wp-content\/uploads\/2017\/12\/diario-int-22177-5.jpg\" alt=\"FOTOCC.jpg\" width=\"680\" style=\"display: block; margin-left: auto; margin-right: auto;\" srcset=\"https:\/\/diarioregionaldigital.com.br\/wp-content\/uploads\/2017\/12\/diario-int-22177-5.jpg 680w, https:\/\/diarioregionaldigital.com.br\/wp-content\/uploads\/2017\/12\/diario-int-22177-5-300x199.jpg 300w, https:\/\/diarioregionaldigital.com.br\/wp-content\/uploads\/2017\/12\/diario-int-22177-5-360x238.jpg 360w\" sizes=\"(max-width: 680px) 100vw, 680px\" \/>Comemorando o sucesso do espet\u00e1culo&nbsp; \u201cEles e a Marrom\u201d os talentosos Alexandre Pereira, C\u00e9zar&nbsp; 7Cordas, Maira Delgado (percuss\u00e3o), Marcus Amaral e Matheus Silva (Sax)<\/p>\n<p style=\"text-align: center;\"><img decoding=\"async\" class=\" size-full wp-image-87415\" src=\"http:\/\/diarioregionaljf.com.br\/wp-content\/uploads\/2017\/12\/diario-int-22177-6.jpg\" alt=\"FOTOD.jpg\" width=\"680\" style=\"display: block; margin-left: auto; margin-right: auto;\" srcset=\"https:\/\/diarioregionaldigital.com.br\/wp-content\/uploads\/2017\/12\/diario-int-22177-6.jpg 680w, https:\/\/diarioregionaldigital.com.br\/wp-content\/uploads\/2017\/12\/diario-int-22177-6-300x199.jpg 300w, https:\/\/diarioregionaldigital.com.br\/wp-content\/uploads\/2017\/12\/diario-int-22177-6-360x238.jpg 360w\" sizes=\"(max-width: 680px) 100vw, 680px\" \/>No Santa Birita, o artista pl\u00e1stico do ano, Ricardo Barcellos<\/p>\n<p style=\"text-align: center;\"><img decoding=\"async\" class=\" size-full wp-image-87416\" src=\"http:\/\/diarioregionaljf.com.br\/wp-content\/uploads\/2017\/12\/diario-int-22177-7.jpg\" alt=\"FOTOF.jpg\" width=\"680\" style=\"display: block; margin-left: auto; margin-right: auto;\" srcset=\"https:\/\/diarioregionaldigital.com.br\/wp-content\/uploads\/2017\/12\/diario-int-22177-7.jpg 680w, https:\/\/diarioregionaldigital.com.br\/wp-content\/uploads\/2017\/12\/diario-int-22177-7-300x198.jpg 300w, https:\/\/diarioregionaldigital.com.br\/wp-content\/uploads\/2017\/12\/diario-int-22177-7-360x238.jpg 360w\" sizes=\"(max-width: 680px) 100vw, 680px\" \/>Na Galeria Sp\u00e1zio Surreal em S\u00e3o Paulo, os artistas pl\u00e1sticos, Vagner Aniceto, Nequitz Miguel e Lesiane Ogg<\/p>\n<p style=\"text-align: center;\"><img decoding=\"async\" class=\" size-full wp-image-87417\" src=\"http:\/\/diarioregionaljf.com.br\/wp-content\/uploads\/2017\/12\/diario-int-22177-8.jpg\" alt=\"FOTOG.jpg\" width=\"680\" style=\"display: block; margin-left: auto; margin-right: auto;\" srcset=\"https:\/\/diarioregionaldigital.com.br\/wp-content\/uploads\/2017\/12\/diario-int-22177-8.jpg 680w, https:\/\/diarioregionaldigital.com.br\/wp-content\/uploads\/2017\/12\/diario-int-22177-8-300x221.jpg 300w, https:\/\/diarioregionaldigital.com.br\/wp-content\/uploads\/2017\/12\/diario-int-22177-8-360x265.jpg 360w\" sizes=\"(max-width: 680px) 100vw, 680px\" \/>Talentos no Blonde SPA Wella (SP), Felipe Estev\u00e3o e Romeu Felipe<\/p>\n<p style=\"text-align: center;\"><img decoding=\"async\" class=\" size-full wp-image-87418\" src=\"http:\/\/diarioregionaljf.com.br\/wp-content\/uploads\/2017\/12\/diario-int-22177-9.jpg\" alt=\"FOTOH.jpg\" width=\"680\" style=\"display: block; margin-left: auto; margin-right: auto;\" srcset=\"https:\/\/diarioregionaldigital.com.br\/wp-content\/uploads\/2017\/12\/diario-int-22177-9.jpg 680w, https:\/\/diarioregionaldigital.com.br\/wp-content\/uploads\/2017\/12\/diario-int-22177-9-266x300.jpg 266w, https:\/\/diarioregionaldigital.com.br\/wp-content\/uploads\/2017\/12\/diario-int-22177-9-360x407.jpg 360w\" sizes=\"(max-width: 680px) 100vw, 680px\" \/>Amigos queridos em destaque no Restaurante Kurt, Celso Noronha e Cristiano Costa<\/p>\n<p class=\"h4\" style=\"text-align: center;\">FOTOSS\u00edNTESE<\/p>\n<p>Regina Ferreira e seus pais Ivanir e Carlos Alberto Ferreira convida este colunista para o Ch\u00e1 de beb\u00ea do Arthur, que a cegonha trar\u00e1 em breve. Ser\u00e1 dia 06 de janeiro, \u00e0s 13horas, na Quadra da Juventude Imperial.<\/p>\n<p>Fazendo sucesso o Kit Mineiro do emp\u00f3rio V\u00f3 Olivia no Independ\u00eancia Shopping. S\u00e3o del\u00edcias mineiras, e \u00f3timo para presentear no Natal.<\/p>\n<p>A sensa\u00e7\u00e3o no Restaurante Arigat\u00f4 \u00e9 o \u201cMenu Sele\u00e7\u00f5es\u201d.<\/p>\n<p>Para os amigos de f\u00e9, irm\u00e3os e camaradas \u00e9 bom lembrar que a \u00faltima Missa do Imposs\u00edvel, na Igreja S\u00e3o Jos\u00e9, ser\u00e1 no dia 19 de dezembro (ter\u00e7a-feira), as 19h30. O celebrante \u00e9 o carism\u00e1tico Padre Pierre.<\/p>\n<p>Nova, bonita e carism\u00e1tica, Amanda Manera vai formar em Jornalismo pelo CES\/JF e de quebra em Publicidade e Propaganda tamb\u00e9m.<\/p>\n<p>Ser\u00e1 no Bar da F\u00e1brica, nesta 5\u00ba feira, 14, o Show \u201cCantando Hist\u00f3rias e contando can\u00e7\u00f5es\u201d, com Marcinho Itaboray e Mam\u00e3o. \u00c0s 19h30.<\/p>\n<p>A MSP Produtora anuncia para o dia 30 de junho de 2018, o I\u00ba Festival de Vinho de Ibitipoca.<\/p>\n<p>O P\u00e1tio Mirador foi cen\u00e1rio para a Feijoada Vegana da ABAN, com direito a jogo de futebol feminino com as meninas do Dom Bosco e os volunt\u00e1rios.<\/p>\n<p>Thais Lima (presidente) e Desir\u00e9e Couri (vice), s\u00e3o a diretoria b\u00e1sica para 2018 no Convention &amp; Visitors Bureau Juiz de Fora.<\/p>\n<p>Nat\u00e1lia Martins anuncia seu curso de automaquiagem no curso de f\u00e9rias da Est\u00e1cio. Ali\u00e1s, t\u00e1 o maior choror\u00f4 com a demiss\u00e3o de alguns queridos professores da institui\u00e7\u00e3o.<\/p>\n<p>Os pacientes do SUS, crian\u00e7as internadas na Santa Casa receber\u00e3o presentes da campanha de arrecada\u00e7\u00e3o de brinquedos, realizado pelos residentes de pediatria do Hospital. Belo exemplo.<\/p>\n<p>O primeiro Natal oficial da Disney na cidade vai trazer os personagens do Toy Story para um encontro especial com os frequentadores do Independ\u00eancia Shopping. Al\u00e9m de interagir com a crian\u00e7ada, eles estar\u00e3o \u00e0 disposi\u00e7\u00e3o para tirar fotos. Acontecer\u00e1 do dia 17 a 22 de dezembro<\/p>\n<p>Para captar: \u2019A voz do tempo sussurra novos sil\u00eancios\u2019. (Maria Helena Sleutjes). Bom dia!<\/p>\n","protected":false},"excerpt":{"rendered":"<p>Educa\u00e7\u00e3oA equipe da Faculdade Uninter, composta pela gestora Maria Dornelas, a coordenadora pedag\u00f3gica K\u00e1tia Vasconcelos, o professor Ricardo Ribeiro e a int\u00e9rprete de libras Ilza Maria est\u00e3o comemorando a defesa da monografia da graduanda de pedagogia Rafaela Aleixo. Ponto para eles. CampanhaO Independ\u00eancia Shopping est\u00e1 com um espa\u00e7o compartilhado ao lado da Pra\u00e7a de Alimenta\u00e7\u00e3o [&hellip;]<\/p>\n","protected":false},"author":96,"featured_media":87409,"comment_status":"closed","ping_status":"closed","sticky":false,"template":"","format":"standard","meta":{"footnotes":""},"categories":[264],"tags":[],"class_list":["post-87419","post","type-post","status-publish","format-standard","has-post-thumbnail","hentry","category-eduardo-gomes"],"_links":{"self":[{"href":"https:\/\/diarioregionaldigital.com.br\/index.php?rest_route=\/wp\/v2\/posts\/87419","targetHints":{"allow":["GET"]}}],"collection":[{"href":"https:\/\/diarioregionaldigital.com.br\/index.php?rest_route=\/wp\/v2\/posts"}],"about":[{"href":"https:\/\/diarioregionaldigital.com.br\/index.php?rest_route=\/wp\/v2\/types\/post"}],"author":[{"embeddable":true,"href":"https:\/\/diarioregionaldigital.com.br\/index.php?rest_route=\/wp\/v2\/users\/96"}],"replies":[{"embeddable":true,"href":"https:\/\/diarioregionaldigital.com.br\/index.php?rest_route=%2Fwp%2Fv2%2Fcomments&post=87419"}],"version-history":[{"count":0,"href":"https:\/\/diarioregionaldigital.com.br\/index.php?rest_route=\/wp\/v2\/posts\/87419\/revisions"}],"wp:featuredmedia":[{"embeddable":true,"href":"https:\/\/diarioregionaldigital.com.br\/index.php?rest_route=\/wp\/v2\/media\/87409"}],"wp:attachment":[{"href":"https:\/\/diarioregionaldigital.com.br\/index.php?rest_route=%2Fwp%2Fv2%2Fmedia&parent=87419"}],"wp:term":[{"taxonomy":"category","embeddable":true,"href":"https:\/\/diarioregionaldigital.com.br\/index.php?rest_route=%2Fwp%2Fv2%2Fcategories&post=87419"},{"taxonomy":"post_tag","embeddable":true,"href":"https:\/\/diarioregionaldigital.com.br\/index.php?rest_route=%2Fwp%2Fv2%2Ftags&post=87419"}],"curies":[{"name":"wp","href":"https:\/\/api.w.org\/{rel}","templated":true}]}}