{"id":87408,"date":"2017-12-13T20:15:11","date_gmt":"2017-12-13T22:15:11","guid":{"rendered":"http:\/\/diarioregionaljf.com.br\/2017\/12\/13\/cdr-aprova-projeto-que-destina-recursos-para-regularizacao-de-favelas-e-invasoes\/"},"modified":"2017-12-13T20:15:11","modified_gmt":"2017-12-13T22:15:11","slug":"cdr-aprova-projeto-que-destina-recursos-para-regularizacao-de-favelas-e-invasoes","status":"publish","type":"post","link":"https:\/\/diarioregionaldigital.com.br\/?p=87408","title":{"rendered":"CDR aprova projeto que destina recursos para regulariza\u00e7\u00e3o de favelas e invas\u00f5es"},"content":{"rendered":"<p>Favelas e \u00e1reas de invas\u00e3o poder\u00e3o contar com pelo menos 2% dos recursos empregados anualmente no Programa Nacional de Habita\u00e7\u00e3o Urbana (PNHU), um subprograma do Minha Casa, Minha Vida voltado especificamente \u00e0s grandes cidades. Foi aprovado na Comiss\u00e3o de Desenvolvimento Regional e Turismo (CDR) nessa quarta-feira, 13, o Projeto de Lei da C\u00e2mara (PLC) 64\/2016, que destina recursos do programa para a regulariza\u00e7\u00e3o fundi\u00e1ria de assentamentos urbanos.<\/p>\n<p>O texto, de iniciativa da deputada Soraya Santos (PMDB-RJ), recebeu parecer favor\u00e1vel da senadora Regina Sousa (PT-PI). Ela explicou que a recente Lei 13.465\/2017 j\u00e1 agilizou procedimentos de regulariza\u00e7\u00e3o fundi\u00e1ria em assentamentos informais, pr\u00f3ximos de equipamentos sociais e comunit\u00e1rios indispens\u00e1veis como escolas, creches e postos de sa\u00fade, dos quais a popula\u00e7\u00e3o de baixa renda n\u00e3o quer ser removida.<\/p>\n<p>&#8220;N\u00e3o basta, no entanto, assegurar t\u00edtulos de propriedade para os moradores; \u00e9 preciso promover tamb\u00e9m a urbaniza\u00e7\u00e3o desses assentamentos, dotando-os de condi\u00e7\u00f5es satisfat\u00f3rias de saneamento, energia el\u00e9trica, ilumina\u00e7\u00e3o e pavimenta\u00e7\u00e3o&#8221;, explicou a senadora.<\/p>\n<p>Pelo projeto, fica assegurado apoio t\u00e9cnico e financeiro \u00e0s iniciativas de regulariza\u00e7\u00e3o desses assentamentos e proibido o contingenciamento dos recursos. O texto destina ainda 2% dos recursos anuais do PNHU \u00e0 linha de atendimento do Minha Casa, Minha Vida nos munic\u00edpios com menos de 50 mil habitantes.<\/p>\n<p>O Poder Executivo dever\u00e1 definir regras espec\u00edficas para sele\u00e7\u00e3o dos benefici\u00e1rios nessas condi\u00e7\u00f5es. O regulamento tamb\u00e9m dispor\u00e1 sobre regras para a contrata\u00e7\u00e3o dos financiamentos nas a\u00e7\u00f5es de regulariza\u00e7\u00e3o.<\/p>\n<p>O PLC segue agora para an\u00e1lise da Comiss\u00e3o de Agricultura e Reforma Agr\u00e1ria (CRA).<\/p>\n<p>Fonte: Ag\u00eancia Senado<\/p>\n","protected":false},"excerpt":{"rendered":"<p>Favelas e \u00e1reas de invas\u00e3o poder\u00e3o contar com pelo menos 2% dos recursos empregados anualmente no Programa Nacional de Habita\u00e7\u00e3o Urbana (PNHU), um subprograma do Minha Casa, Minha Vida voltado especificamente \u00e0s grandes cidades. Foi aprovado na Comiss\u00e3o de Desenvolvimento Regional e Turismo (CDR) nessa quarta-feira, 13, o Projeto de Lei da C\u00e2mara (PLC) 64\/2016, [&hellip;]<\/p>\n","protected":false},"author":96,"featured_media":87407,"comment_status":"closed","ping_status":"closed","sticky":false,"template":"","format":"standard","meta":{"footnotes":""},"categories":[254],"tags":[],"class_list":["post-87408","post","type-post","status-publish","format-standard","has-post-thumbnail","hentry","category-politica"],"_links":{"self":[{"href":"https:\/\/diarioregionaldigital.com.br\/index.php?rest_route=\/wp\/v2\/posts\/87408","targetHints":{"allow":["GET"]}}],"collection":[{"href":"https:\/\/diarioregionaldigital.com.br\/index.php?rest_route=\/wp\/v2\/posts"}],"about":[{"href":"https:\/\/diarioregionaldigital.com.br\/index.php?rest_route=\/wp\/v2\/types\/post"}],"author":[{"embeddable":true,"href":"https:\/\/diarioregionaldigital.com.br\/index.php?rest_route=\/wp\/v2\/users\/96"}],"replies":[{"embeddable":true,"href":"https:\/\/diarioregionaldigital.com.br\/index.php?rest_route=%2Fwp%2Fv2%2Fcomments&post=87408"}],"version-history":[{"count":0,"href":"https:\/\/diarioregionaldigital.com.br\/index.php?rest_route=\/wp\/v2\/posts\/87408\/revisions"}],"wp:featuredmedia":[{"embeddable":true,"href":"https:\/\/diarioregionaldigital.com.br\/index.php?rest_route=\/wp\/v2\/media\/87407"}],"wp:attachment":[{"href":"https:\/\/diarioregionaldigital.com.br\/index.php?rest_route=%2Fwp%2Fv2%2Fmedia&parent=87408"}],"wp:term":[{"taxonomy":"category","embeddable":true,"href":"https:\/\/diarioregionaldigital.com.br\/index.php?rest_route=%2Fwp%2Fv2%2Fcategories&post=87408"},{"taxonomy":"post_tag","embeddable":true,"href":"https:\/\/diarioregionaldigital.com.br\/index.php?rest_route=%2Fwp%2Fv2%2Ftags&post=87408"}],"curies":[{"name":"wp","href":"https:\/\/api.w.org\/{rel}","templated":true}]}}