{"id":87406,"date":"2017-12-13T19:58:21","date_gmt":"2017-12-13T21:58:21","guid":{"rendered":"http:\/\/diarioregionaljf.com.br\/2017\/12\/13\/economista-sugere-incentivo-a-poupanca-como-estabilidade-economica-no-futuro\/"},"modified":"2017-12-13T19:58:21","modified_gmt":"2017-12-13T21:58:21","slug":"economista-sugere-incentivo-a-poupanca-como-estabilidade-economica-no-futuro","status":"publish","type":"post","link":"https:\/\/diarioregionaldigital.com.br\/?p=87406","title":{"rendered":"Economista sugere incentivo \u00e0 poupan\u00e7a como estabilidade econ\u00f4mica no futuro"},"content":{"rendered":"<p>Especialistas apontam que s\u00e3o necess\u00e1rios incentivos do governo e de empresas para os h\u00e1bitos de poupan\u00e7a mudem. Pol\u00edticas como a de pa\u00edses n\u00f3rdicos, que obrigam a previd\u00eancia privada ou como nos EUA, em que a ades\u00e3o ao fundo de pens\u00e3o das empresas \u00e9 autom\u00e1tica ajudariam a incentivar a popula\u00e7\u00e3o brasileira.<\/p>\n<p>Para Ricardo Brito, do Insper, o imediatismo e a baixa instru\u00e7\u00e3o financeira revelada pela pesquisa Datafolha indicam a necessidade dessas pol\u00edticas. Na pesquisa, s\u00f3 14% dos empregados registrados ou servidores disseram ter previd\u00eancia privada.<\/p>\n<p>O economista Paulo Costa, doutorando em economia, analisa que mudan\u00e7as s\u00e3o necess\u00e1rias, j\u00e1 que h\u00e1 caracter\u00edsticas do pa\u00eds que s\u00e3o contrarias \u00e0 poupan\u00e7a. \u201cH\u00e1 universidades p\u00fablicas gratuitas. O sistema de aposentadoria \u00e9 um dos mais generosos do mundo. E o sistema de sa\u00fade, embora falho, existe e atende parcela da popula\u00e7\u00e3o\u201d, ressaltou.<\/p>\n<p>Poupar \u00e9 dif\u00edcil para todos, diz o professor da Universidade de Zurique Guilherme Lichand. \u201cMesmo executivos e professores universit\u00e1rios tem dificuldade de tomar essas decis\u00f5es como deveriam, j\u00e1 que o custo de poupar cai no presente, e os benef\u00edcios s\u00f3 aparecem no futuro\u201d.<\/p>\n<p>O estudo feito por Ricardo Brito, do Insper mostrou imediatismo forte em todas as faixas da popula\u00e7\u00e3o, mas maior entre os menos escolarizados e menos ricos. Uma explica\u00e7\u00e3o pode ser a \u201cpsicologia da pobreza\u201d. \u201cA preocupa\u00e7\u00e3o com as contas no fim do m\u00eas captura aten\u00e7\u00e3o, mem\u00f3ria e controle de impulsividade, fazendo focar o curto prazo e cometer erros que perpetuam a pobreza\u201d, afirma Lichand.<\/p>\n<p>O economista est\u00e1 por tr\u00e1s de um dos primeiros projetos-piloto de acompanhamento na esfera federal. Cerca de mil benefici\u00e1rios do Bolsa Fam\u00edlia recebem mensagens de celular para melhorar o uso do dinheiro e estimular a poupan\u00e7a.<\/p>\n<hr \/>\n<p>&nbsp;Fonte: Da reda\u00e7\u00e3o\/Colabora\u00e7\u00e3o<\/p>\n","protected":false},"excerpt":{"rendered":"<p>Especialistas apontam que s\u00e3o necess\u00e1rios incentivos do governo e de empresas para os h\u00e1bitos de poupan\u00e7a mudem. Pol\u00edticas como a de pa\u00edses n\u00f3rdicos, que obrigam a previd\u00eancia privada ou como nos EUA, em que a ades\u00e3o ao fundo de pens\u00e3o das empresas \u00e9 autom\u00e1tica ajudariam a incentivar a popula\u00e7\u00e3o brasileira. Para Ricardo Brito, do Insper, [&hellip;]<\/p>\n","protected":false},"author":96,"featured_media":87405,"comment_status":"closed","ping_status":"closed","sticky":false,"template":"","format":"standard","meta":{"footnotes":""},"categories":[261],"tags":[],"class_list":["post-87406","post","type-post","status-publish","format-standard","has-post-thumbnail","hentry","category-economia"],"_links":{"self":[{"href":"https:\/\/diarioregionaldigital.com.br\/index.php?rest_route=\/wp\/v2\/posts\/87406","targetHints":{"allow":["GET"]}}],"collection":[{"href":"https:\/\/diarioregionaldigital.com.br\/index.php?rest_route=\/wp\/v2\/posts"}],"about":[{"href":"https:\/\/diarioregionaldigital.com.br\/index.php?rest_route=\/wp\/v2\/types\/post"}],"author":[{"embeddable":true,"href":"https:\/\/diarioregionaldigital.com.br\/index.php?rest_route=\/wp\/v2\/users\/96"}],"replies":[{"embeddable":true,"href":"https:\/\/diarioregionaldigital.com.br\/index.php?rest_route=%2Fwp%2Fv2%2Fcomments&post=87406"}],"version-history":[{"count":0,"href":"https:\/\/diarioregionaldigital.com.br\/index.php?rest_route=\/wp\/v2\/posts\/87406\/revisions"}],"wp:featuredmedia":[{"embeddable":true,"href":"https:\/\/diarioregionaldigital.com.br\/index.php?rest_route=\/wp\/v2\/media\/87405"}],"wp:attachment":[{"href":"https:\/\/diarioregionaldigital.com.br\/index.php?rest_route=%2Fwp%2Fv2%2Fmedia&parent=87406"}],"wp:term":[{"taxonomy":"category","embeddable":true,"href":"https:\/\/diarioregionaldigital.com.br\/index.php?rest_route=%2Fwp%2Fv2%2Fcategories&post=87406"},{"taxonomy":"post_tag","embeddable":true,"href":"https:\/\/diarioregionaldigital.com.br\/index.php?rest_route=%2Fwp%2Fv2%2Ftags&post=87406"}],"curies":[{"name":"wp","href":"https:\/\/api.w.org\/{rel}","templated":true}]}}