{"id":87404,"date":"2017-12-13T19:49:33","date_gmt":"2017-12-13T21:49:33","guid":{"rendered":"http:\/\/diarioregionaljf.com.br\/2017\/12\/13\/empresas-devedoras-do-fgts-ja-podem-parcelar-debitos\/"},"modified":"2017-12-13T19:49:33","modified_gmt":"2017-12-13T21:49:33","slug":"empresas-devedoras-do-fgts-ja-podem-parcelar-debitos","status":"publish","type":"post","link":"https:\/\/diarioregionaldigital.com.br\/?p=87404","title":{"rendered":"Empresas devedoras do FGTS j\u00e1 podem parcelar d\u00e9bitos"},"content":{"rendered":"<p>Empresas devedoras do Fundo de Garantia do Tempo de Servi\u00e7o (FGTS) poder\u00e3o parcelar d\u00e9bitos rescis\u00f3rios. O Conselho Curador do FGTS aprovou uma resolu\u00e7\u00e3o que pode beneficiar 8 milh\u00f5es de trabalhadores que sa\u00edram de empresas onde trabalhavam mas nunca conseguiram receber o FGTS porque o empregador n\u00e3o estava depositando os valores na conta vinculada do empregado, informou o Minist\u00e9rio do Trabalho.<\/p>\n<p>Segundo o minist\u00e9rio, muitas empresas com d\u00e9bitos n\u00e3o depositavam os valores correspondente ao FGTS alegando dificuldades financeiras e, no momento da rescis\u00e3o, n\u00e3o pagavam o que estavam devendo, pois a resolu\u00e7\u00e3o do Conselho obrigava que esse pagamento fosse \u00e0 vista.<\/p>\n<p>De acordo com o minist\u00e9rio, para evitar que empregadores deixem de pagar o FGTS e depois se beneficiem do parcelamento, a regra vale apenas para quem estiver com d\u00e9bitos do fundo de garantia at\u00e9 31 de dezembro de 2017. Um levantamento feito pela Caixa aponta para 421.012 empresas privadas e 4.845 p\u00fablicas nessa situa\u00e7\u00e3o. O montante da d\u00edvida dos d\u00e9bitos rescis\u00f3rios soma R$2,6 bilh\u00f5es, informou o minist\u00e9rio.<\/p>\n<p>O parcelamento poder\u00e1 ser feito em at\u00e9 12 vezes, dependendo do quanto os valores das rescis\u00f5es representam do total da d\u00edvida do empregador com o FGTS. Se esse percentual for menor do que 10%, o pagamento dever\u00e1 ser feito \u00e0 vista, sem negocia\u00e7\u00e3o. Se for superior a 10%, os d\u00e9bitos rescis\u00f3rios poder\u00e3o ser acordados em parcelas mensais e sucessivas, desde que com anu\u00eancia do sindicato de trabalhadores da categoria.<\/p>\n<p>Empregadores com d\u00edvidas no Fundo de Garantia n\u00e3o recebem o Certificado de Regularidade do FGTS. Sem esse documento, as empresas n\u00e3o conseguem participar de concorr\u00eancias p\u00fablicas ou fazer financiamentos.<\/p>\n<p><strong>Quadro com as parcelas<\/strong><\/p>\n<table border=\"1\" style=\"width: 493px;\">\n<tbody>\n<tr>\n<td style=\"width: 271px;\">\n<p>PERCENTUAL D\u00c9BITO RESCIS\u00d3RIO<\/p>\n<\/td>\n<td style=\"width: 222px;\">\n<p>PARCELAS INICIAIS<\/p>\n<\/td>\n<\/tr>\n<tr>\n<td style=\"width: 271px;\">\n<p>At\u00e9 10%<\/p>\n<\/td>\n<td style=\"width: 222px;\">\n<p>\u00c0 vista<\/p>\n<\/td>\n<\/tr>\n<tr>\n<td style=\"width: 271px;\">\n<p>De 10 a 20 %<\/p>\n<\/td>\n<td style=\"width: 222px;\">\n<p>At\u00e9 03<\/p>\n<\/td>\n<\/tr>\n<tr>\n<td style=\"width: 271px;\">\n<p>De 21 a 30 %<\/p>\n<\/td>\n<td style=\"width: 222px;\">\n<p>At\u00e9 06<\/p>\n<\/td>\n<\/tr>\n<tr>\n<td style=\"width: 271px;\">\n<p>De 31 a 40%<\/p>\n<\/td>\n<td style=\"width: 222px;\">\n<p>At\u00e9 09<\/p>\n<\/td>\n<\/tr>\n<tr>\n<td style=\"width: 271px;\">\n<p>Acima de 40%<\/p>\n<\/td>\n<td style=\"width: 222px;\">\n<p>At\u00e9 12<\/p>\n<\/td>\n<\/tr>\n<\/tbody>\n<\/table>\n<p>&nbsp;<\/p>\n<hr \/>\n<p>&nbsp;Fonte: Ag\u00eancia Brasil<\/p>\n","protected":false},"excerpt":{"rendered":"<p>Empresas devedoras do Fundo de Garantia do Tempo de Servi\u00e7o (FGTS) poder\u00e3o parcelar d\u00e9bitos rescis\u00f3rios. O Conselho Curador do FGTS aprovou uma resolu\u00e7\u00e3o que pode beneficiar 8 milh\u00f5es de trabalhadores que sa\u00edram de empresas onde trabalhavam mas nunca conseguiram receber o FGTS porque o empregador n\u00e3o estava depositando os valores na conta vinculada do empregado, [&hellip;]<\/p>\n","protected":false},"author":96,"featured_media":87403,"comment_status":"closed","ping_status":"closed","sticky":false,"template":"","format":"standard","meta":{"footnotes":""},"categories":[261],"tags":[],"class_list":["post-87404","post","type-post","status-publish","format-standard","has-post-thumbnail","hentry","category-economia"],"_links":{"self":[{"href":"https:\/\/diarioregionaldigital.com.br\/index.php?rest_route=\/wp\/v2\/posts\/87404","targetHints":{"allow":["GET"]}}],"collection":[{"href":"https:\/\/diarioregionaldigital.com.br\/index.php?rest_route=\/wp\/v2\/posts"}],"about":[{"href":"https:\/\/diarioregionaldigital.com.br\/index.php?rest_route=\/wp\/v2\/types\/post"}],"author":[{"embeddable":true,"href":"https:\/\/diarioregionaldigital.com.br\/index.php?rest_route=\/wp\/v2\/users\/96"}],"replies":[{"embeddable":true,"href":"https:\/\/diarioregionaldigital.com.br\/index.php?rest_route=%2Fwp%2Fv2%2Fcomments&post=87404"}],"version-history":[{"count":0,"href":"https:\/\/diarioregionaldigital.com.br\/index.php?rest_route=\/wp\/v2\/posts\/87404\/revisions"}],"wp:featuredmedia":[{"embeddable":true,"href":"https:\/\/diarioregionaldigital.com.br\/index.php?rest_route=\/wp\/v2\/media\/87403"}],"wp:attachment":[{"href":"https:\/\/diarioregionaldigital.com.br\/index.php?rest_route=%2Fwp%2Fv2%2Fmedia&parent=87404"}],"wp:term":[{"taxonomy":"category","embeddable":true,"href":"https:\/\/diarioregionaldigital.com.br\/index.php?rest_route=%2Fwp%2Fv2%2Fcategories&post=87404"},{"taxonomy":"post_tag","embeddable":true,"href":"https:\/\/diarioregionaldigital.com.br\/index.php?rest_route=%2Fwp%2Fv2%2Ftags&post=87404"}],"curies":[{"name":"wp","href":"https:\/\/api.w.org\/{rel}","templated":true}]}}