{"id":87402,"date":"2017-12-13T19:37:40","date_gmt":"2017-12-13T21:37:40","guid":{"rendered":"http:\/\/diarioregionaljf.com.br\/2017\/12\/13\/presidente-do-bc-alerta-para-risco-de-bolha-em-mercado-de-moedas-virtuais\/"},"modified":"2017-12-13T19:37:40","modified_gmt":"2017-12-13T21:37:40","slug":"presidente-do-bc-alerta-para-risco-de-bolha-em-mercado-de-moedas-virtuais","status":"publish","type":"post","link":"https:\/\/diarioregionaldigital.com.br\/?p=87402","title":{"rendered":"Presidente do BC alerta para risco de bolha em mercado de moedas virtuais"},"content":{"rendered":"<p>O presidente do Banco Central, Ilan Goldfajn, alertou para o risco de bolha no mercado de moedas virtuais. \u201cMoedas virtuais do jeito que est\u00e3o hoje com essa subida vertiginosa, onde n\u00e3o h\u00e1 lastro, n\u00e3o h\u00e1 ningu\u00e9m para regular, levam a um risco tal que o Banco Central emitiu um comunicado alertando para os riscos\u201d, disse o presidente, em entrevista \u00e0 imprensa nesta quarta-feira, 13.<\/p>\n<p>Ele destacou que essas moedas t\u00eam atualmente duas funcionalidades. Uma delas \u00e9 comprar para vender na frente com a alta.&nbsp;\u201c\u00c9 uma bolha, uma pir\u00e2mide\u201d, disse. A outra \u201cfuncionalidade\u201d \u00e9 usar como instrumento de atividade il\u00edcita. \u201cUsar as moedas virtuais n\u00e3o isenta da pena, da puni\u00e7\u00e3o\u201d, alertou.<\/p>\n<p>O interesse crescente dos agentes econ\u00f4micos pelo uso das chamadas moedas virtuais levou o Banco Central a divulgar comunicado, em novembro, sobre o risco desse tipo de moeda, que, al\u00e9m de n\u00e3o ser emitida, n\u00e3o tem a garantia de qualquer autoridade monet\u00e1ria.<\/p>\n<p>De acordo com o BC, as moedas virtuais podem tamb\u00e9m n\u00e3o ter a garantia de convers\u00e3o para moedas soberanas, como, por exemplo, a libra esterlina, e \u201ctampouco s\u00e3o lastreadas em ativo real de qualquer esp\u00e9cie, ficando todo o risco com os detentores\u201d. \u201cSeu valor decorre exclusivamente da confian\u00e7a conferida pelos indiv\u00edduos ao seu emissor\u201d, diz o comunicado.<\/p>\n<p><strong>Bitcoin<\/strong><\/p>\n<p>A cota\u00e7\u00e3o da moeda virtual bitcoin superou no dia 29 de novembro, pela primeira vez, a barreira de US$11 mil, em meio a temores de que a sua bolha exploda, fazendo com que o seu pre\u00e7o, que multiplicou por dez em menos de um ano, despenque<\/p>\n<p>De acordo com a ag\u00eancia EFE, um bitcoin estava cotado a US$11.186,29 poucas horas depois de ter superado a barreira de US$10 mil, uma progress\u00e3o que disparou os temores de que os investidores estejam superestimando o valor da criptomoeda.<\/p>\n<p>Na ocasi\u00e3o, o vice-governador para a Estabilidade Financeira do Banco da Inglaterra, Jon Cunliffe, ressaltou que uma eventual queda da cota\u00e7\u00e3o da bitcoin representaria um risco leve para a economia global, embora possa ser um grande perigo para as pessoas f\u00edsicas que investiram nela.<\/p>\n<hr \/>\n<p>&nbsp;Fonte: Ag\u00eancia Brasil<\/p>\n","protected":false},"excerpt":{"rendered":"<p>O presidente do Banco Central, Ilan Goldfajn, alertou para o risco de bolha no mercado de moedas virtuais. \u201cMoedas virtuais do jeito que est\u00e3o hoje com essa subida vertiginosa, onde n\u00e3o h\u00e1 lastro, n\u00e3o h\u00e1 ningu\u00e9m para regular, levam a um risco tal que o Banco Central emitiu um comunicado alertando para os riscos\u201d, disse [&hellip;]<\/p>\n","protected":false},"author":96,"featured_media":87401,"comment_status":"closed","ping_status":"closed","sticky":false,"template":"","format":"standard","meta":{"footnotes":""},"categories":[261],"tags":[],"class_list":["post-87402","post","type-post","status-publish","format-standard","has-post-thumbnail","hentry","category-economia"],"_links":{"self":[{"href":"https:\/\/diarioregionaldigital.com.br\/index.php?rest_route=\/wp\/v2\/posts\/87402","targetHints":{"allow":["GET"]}}],"collection":[{"href":"https:\/\/diarioregionaldigital.com.br\/index.php?rest_route=\/wp\/v2\/posts"}],"about":[{"href":"https:\/\/diarioregionaldigital.com.br\/index.php?rest_route=\/wp\/v2\/types\/post"}],"author":[{"embeddable":true,"href":"https:\/\/diarioregionaldigital.com.br\/index.php?rest_route=\/wp\/v2\/users\/96"}],"replies":[{"embeddable":true,"href":"https:\/\/diarioregionaldigital.com.br\/index.php?rest_route=%2Fwp%2Fv2%2Fcomments&post=87402"}],"version-history":[{"count":0,"href":"https:\/\/diarioregionaldigital.com.br\/index.php?rest_route=\/wp\/v2\/posts\/87402\/revisions"}],"wp:featuredmedia":[{"embeddable":true,"href":"https:\/\/diarioregionaldigital.com.br\/index.php?rest_route=\/wp\/v2\/media\/87401"}],"wp:attachment":[{"href":"https:\/\/diarioregionaldigital.com.br\/index.php?rest_route=%2Fwp%2Fv2%2Fmedia&parent=87402"}],"wp:term":[{"taxonomy":"category","embeddable":true,"href":"https:\/\/diarioregionaldigital.com.br\/index.php?rest_route=%2Fwp%2Fv2%2Fcategories&post=87402"},{"taxonomy":"post_tag","embeddable":true,"href":"https:\/\/diarioregionaldigital.com.br\/index.php?rest_route=%2Fwp%2Fv2%2Ftags&post=87402"}],"curies":[{"name":"wp","href":"https:\/\/api.w.org\/{rel}","templated":true}]}}