{"id":87398,"date":"2017-12-13T19:32:41","date_gmt":"2017-12-13T21:32:41","guid":{"rendered":"http:\/\/diarioregionaljf.com.br\/2017\/12\/13\/congresso-mantem-veto-presidencial-a-porte-de-armas-por-agentes-de-transito\/"},"modified":"2017-12-13T19:32:41","modified_gmt":"2017-12-13T21:32:41","slug":"congresso-mantem-veto-presidencial-a-porte-de-armas-por-agentes-de-transito","status":"publish","type":"post","link":"https:\/\/diarioregionaldigital.com.br\/?p=87398","title":{"rendered":"Congresso mant\u00e9m veto presidencial a porte de armas por agentes de tr\u00e2nsito"},"content":{"rendered":"<p>O Congresso manteve, nessa quarta-feira, 13, tr\u00eas vetos do presidente Michel Temer a projetos de lei. Um dos vetos mantidos foi o VET 38\/2017, que impediu a concess\u00e3o de porte de arma de fogo em servi\u00e7o para agentes de tr\u00e2nsito da Uni\u00e3o, dos estados, do Distrito Federal e dos munic\u00edpios. Essa permiss\u00e3o foi concedida pelo PLC 15\/2015, aprovado em setembro pelo Senado e vetado em outubro pela Presid\u00eancia.<\/p>\n<p>Outros dois vetos mantidos foram o VET 36\/2017, que impediu a ades\u00e3o por micros e pequenas empresas optantes do Simples Nacional ao Programa Especial de Regulariza\u00e7\u00e3o Tribut\u00e1ria (Pert), criado pela MPV 783\/2017; e o VET 25\/2017, parcial, \u00e0 Lei de Diretrizes Or\u00e7ament\u00e1rias (LDO) para 2018, com cortes em mais de 40 trechos da lei aprovada pelo Congresso em julho.<\/p>\n<p>&nbsp;<\/p>\n<h4>PORTE DE ARMA<\/h4>\n<p>Mantido, o veto 38\/2017 dividiu opini\u00f5es at\u00e9 mesmo entre os parlamentares integrantes da chamada \u201cbancada da bala\u201d na C\u00e2mara. O deputado Jo\u00e3o Campos (PTB-GO) afirmou que as autoridades de tr\u00e2nsito s\u00e3o constantemente agredidas por n\u00e3o terem como se defender. A atividade, comparou, \u00e9 cong\u00eanere com as guardas municipais, que s\u00e3o autorizados a us\u00e1-las em servi\u00e7o.<\/p>\n<p>J\u00e1 o deputado Alberto Fraga (DEM-DF) afirmou que projeto n\u00e3o merecia prosperar porque, com a concess\u00e3o do porte funcional aos agentes de tr\u00e2nsito, pequenos munic\u00edpios n\u00e3o teriam or\u00e7amento para garantir esse uso.<\/p>\n<p>&#8220;Os prefeitos n\u00e3o v\u00e3o suportar a carga, o \u00f4nus do armamento&#8221;, disse.<\/p>\n<p>O senador C\u00e1ssio Cunha Lima (PSDB-B) defendeu a derrubada do veto em nome do incremento \u00e0 seguran\u00e7a p\u00fablica. Ele tamb\u00e9m acusou o deputado Fraga de estar defendendo interesses corporativos com a manuten\u00e7\u00e3o do veto, j\u00e1 que a Pol\u00edcia Militar \u00e9 contr\u00e1ria ao porte por agentes.<\/p>\n<p>&#8220;O que se defende \u00e9 que agentes do Estado, fardados nas ruas, de f\u00e1cil identifica\u00e7\u00e3o, possam ter um instrumento de defesa pessoal e da pr\u00f3pria sociedade. \u00c9 estranho o argumento de partidos que se mostram contr\u00e1rios ao porte funcional de armas para agentes de tr\u00e2nsito e que defendem a seguran\u00e7a p\u00fablica&#8221;, lamentou o senador C\u00e1ssio Cunha Lima (PSDB-PB).<\/p>\n<p>Fonte: Ag\u00eancia Senado<\/p>\n","protected":false},"excerpt":{"rendered":"<p>O Congresso manteve, nessa quarta-feira, 13, tr\u00eas vetos do presidente Michel Temer a projetos de lei. Um dos vetos mantidos foi o VET 38\/2017, que impediu a concess\u00e3o de porte de arma de fogo em servi\u00e7o para agentes de tr\u00e2nsito da Uni\u00e3o, dos estados, do Distrito Federal e dos munic\u00edpios. Essa permiss\u00e3o foi concedida pelo [&hellip;]<\/p>\n","protected":false},"author":96,"featured_media":87397,"comment_status":"closed","ping_status":"closed","sticky":false,"template":"","format":"standard","meta":{"footnotes":""},"categories":[254],"tags":[],"class_list":["post-87398","post","type-post","status-publish","format-standard","has-post-thumbnail","hentry","category-politica"],"_links":{"self":[{"href":"https:\/\/diarioregionaldigital.com.br\/index.php?rest_route=\/wp\/v2\/posts\/87398","targetHints":{"allow":["GET"]}}],"collection":[{"href":"https:\/\/diarioregionaldigital.com.br\/index.php?rest_route=\/wp\/v2\/posts"}],"about":[{"href":"https:\/\/diarioregionaldigital.com.br\/index.php?rest_route=\/wp\/v2\/types\/post"}],"author":[{"embeddable":true,"href":"https:\/\/diarioregionaldigital.com.br\/index.php?rest_route=\/wp\/v2\/users\/96"}],"replies":[{"embeddable":true,"href":"https:\/\/diarioregionaldigital.com.br\/index.php?rest_route=%2Fwp%2Fv2%2Fcomments&post=87398"}],"version-history":[{"count":0,"href":"https:\/\/diarioregionaldigital.com.br\/index.php?rest_route=\/wp\/v2\/posts\/87398\/revisions"}],"wp:featuredmedia":[{"embeddable":true,"href":"https:\/\/diarioregionaldigital.com.br\/index.php?rest_route=\/wp\/v2\/media\/87397"}],"wp:attachment":[{"href":"https:\/\/diarioregionaldigital.com.br\/index.php?rest_route=%2Fwp%2Fv2%2Fmedia&parent=87398"}],"wp:term":[{"taxonomy":"category","embeddable":true,"href":"https:\/\/diarioregionaldigital.com.br\/index.php?rest_route=%2Fwp%2Fv2%2Fcategories&post=87398"},{"taxonomy":"post_tag","embeddable":true,"href":"https:\/\/diarioregionaldigital.com.br\/index.php?rest_route=%2Fwp%2Fv2%2Ftags&post=87398"}],"curies":[{"name":"wp","href":"https:\/\/api.w.org\/{rel}","templated":true}]}}