{"id":87394,"date":"2017-12-13T19:16:47","date_gmt":"2017-12-13T21:16:47","guid":{"rendered":"http:\/\/diarioregionaljf.com.br\/2017\/12\/13\/barbacena-realiza-campanha-de-recolhimento-de-lixo-eletronico\/"},"modified":"2017-12-13T19:16:47","modified_gmt":"2017-12-13T21:16:47","slug":"barbacena-realiza-campanha-de-recolhimento-de-lixo-eletronico","status":"publish","type":"post","link":"https:\/\/diarioregionaldigital.com.br\/?p=87394","title":{"rendered":"Barbacena realiza Campanha de Recolhimento de Lixo Eletr\u00f4nico"},"content":{"rendered":"<p>Barbacena (a cerca de 110 Km de Juiz de Fora) realiza, neste s\u00e1bado, 16, de 9h \u00e0s 13h, na Pra\u00e7a dos Andradas, a Campanha de Recolhimento de Lixo Eletr\u00f4nico, com o objetivo de destinar corretamente cada um dos equipamentos. A iniciativa \u00e9 da Prefeitura de Barbacena, empresa Net Rosas e e-Ambiental.<\/p>\n<p>Na oportunidade, ser\u00e3o coletados calculadoras, brinquedos, videogames, celulares, carregadores, equipamentos de inform\u00e1tica, v\u00eddeo cassete e DVD, TVs, monitores de computador, MP3 e MP4, GPS, entre outros. O recolhimento n\u00e3o tem custo.<\/p>\n<p>&nbsp;<\/p>\n<h4>A IMPORT\u00c2NCIA DO DESCARTE CORRETO<\/h4>\n<p>De acordo com o Programa para o Meio Ambiente da ONU (Pnuma), em todo o mundo, a quantidade de lixo eletr\u00f4nico descartado neste ano deve chegar a 50 milh\u00f5es de toneladas. Um recente relat\u00f3rio divulgado pela ONU aponta que entre 60% e 90% dos res\u00edduos eletr\u00f4nicos de todo o mundo s\u00e3o comercializados ilegalmente ou jogados de forma incorreta no lixo, ocasionando graves problemas ambientais e sanit\u00e1rios.<\/p>\n<p>O descarte incorreto do lixo eletr\u00f4nico pode trazer consequ\u00eancias desastrosas ao meio ambiente e tamb\u00e9m a sa\u00fade da popula\u00e7\u00e3o mundial. Esse tipo de lixo traz em sua composi\u00e7\u00e3o diversos tipos de materiais nocivos ao meio ambiente e tamb\u00e9m \u00e0 sa\u00fade humana, como o c\u00e1dmio, que causa problemas gastrointestinais e respirat\u00f3rios; o chumbo, que atinge o sistema nervoso, medula \u00f3ssea e os rins; e o merc\u00fario, que se concentra em diversas partes do corpo, causando v\u00e1rios problemas de sa\u00fade.<\/p>\n<p>&nbsp;<\/p>\n<p>Fonte: Assessoria<\/p>\n","protected":false},"excerpt":{"rendered":"<p>Barbacena (a cerca de 110 Km de Juiz de Fora) realiza, neste s\u00e1bado, 16, de 9h \u00e0s 13h, na Pra\u00e7a dos Andradas, a Campanha de Recolhimento de Lixo Eletr\u00f4nico, com o objetivo de destinar corretamente cada um dos equipamentos. A iniciativa \u00e9 da Prefeitura de Barbacena, empresa Net Rosas e e-Ambiental. Na oportunidade, ser\u00e3o coletados [&hellip;]<\/p>\n","protected":false},"author":96,"featured_media":87393,"comment_status":"closed","ping_status":"closed","sticky":false,"template":"","format":"standard","meta":{"footnotes":""},"categories":[262],"tags":[],"class_list":["post-87394","post","type-post","status-publish","format-standard","has-post-thumbnail","hentry","category-noticias"],"_links":{"self":[{"href":"https:\/\/diarioregionaldigital.com.br\/index.php?rest_route=\/wp\/v2\/posts\/87394","targetHints":{"allow":["GET"]}}],"collection":[{"href":"https:\/\/diarioregionaldigital.com.br\/index.php?rest_route=\/wp\/v2\/posts"}],"about":[{"href":"https:\/\/diarioregionaldigital.com.br\/index.php?rest_route=\/wp\/v2\/types\/post"}],"author":[{"embeddable":true,"href":"https:\/\/diarioregionaldigital.com.br\/index.php?rest_route=\/wp\/v2\/users\/96"}],"replies":[{"embeddable":true,"href":"https:\/\/diarioregionaldigital.com.br\/index.php?rest_route=%2Fwp%2Fv2%2Fcomments&post=87394"}],"version-history":[{"count":0,"href":"https:\/\/diarioregionaldigital.com.br\/index.php?rest_route=\/wp\/v2\/posts\/87394\/revisions"}],"wp:featuredmedia":[{"embeddable":true,"href":"https:\/\/diarioregionaldigital.com.br\/index.php?rest_route=\/wp\/v2\/media\/87393"}],"wp:attachment":[{"href":"https:\/\/diarioregionaldigital.com.br\/index.php?rest_route=%2Fwp%2Fv2%2Fmedia&parent=87394"}],"wp:term":[{"taxonomy":"category","embeddable":true,"href":"https:\/\/diarioregionaldigital.com.br\/index.php?rest_route=%2Fwp%2Fv2%2Fcategories&post=87394"},{"taxonomy":"post_tag","embeddable":true,"href":"https:\/\/diarioregionaldigital.com.br\/index.php?rest_route=%2Fwp%2Fv2%2Ftags&post=87394"}],"curies":[{"name":"wp","href":"https:\/\/api.w.org\/{rel}","templated":true}]}}