{"id":87390,"date":"2017-12-13T19:02:03","date_gmt":"2017-12-13T21:02:03","guid":{"rendered":"http:\/\/diarioregionaljf.com.br\/2017\/12\/13\/prorrogado-prazo-para-usar-fgts-em-prestacoes-atrasadas-de-credito-imobiliario\/"},"modified":"2017-12-13T19:02:03","modified_gmt":"2017-12-13T21:02:03","slug":"prorrogado-prazo-para-usar-fgts-em-prestacoes-atrasadas-de-credito-imobiliario","status":"publish","type":"post","link":"https:\/\/diarioregionaldigital.com.br\/?p=87390","title":{"rendered":"Prorrogado prazo para usar FGTS em presta\u00e7\u00f5es atrasadas de cr\u00e9dito imobili\u00e1rio"},"content":{"rendered":"<p>O prazo para os trabalhadores usarem o Fundo de Garantia do Tempo de Servi\u00e7o (FGTS) para pagar parcelas atrasadas do financiamento habitacional foi prorrogado para at\u00e9 o final de 2018. O prazo terminaria neste m\u00eas.<\/p>\n<p>A medida foi aprovada durante reuni\u00e3o do Conselho Curador do FGTS que ocorreu em Bras\u00edlia, informou o Minist\u00e9rio do Trabalho.<\/p>\n<p>O minist\u00e9rio lembra, no entanto, que, pela regra, n\u00e3o \u00e9 poss\u00edvel usar o valor do FGTS para quitar toda a parcela. O fundo pode cobrir apenas 80% do valor da parcela. Ou seja, se a parcela atrasada por de R$1 mil o fundo pode ser usado para pagar R$800. Os R$200 restantes t\u00eam que ser desembolsado pelo trabalhador.<\/p>\n<p>O FGTS pode ser usado tamb\u00e9m para dar entrada no financiamento de im\u00f3veis e para abater ou quitar a d\u00edvida.<\/p>\n<hr \/>\n<p>&nbsp;Fonte: Ag\u00eancia Brasil<\/p>\n","protected":false},"excerpt":{"rendered":"<p>O prazo para os trabalhadores usarem o Fundo de Garantia do Tempo de Servi\u00e7o (FGTS) para pagar parcelas atrasadas do financiamento habitacional foi prorrogado para at\u00e9 o final de 2018. O prazo terminaria neste m\u00eas. A medida foi aprovada durante reuni\u00e3o do Conselho Curador do FGTS que ocorreu em Bras\u00edlia, informou o Minist\u00e9rio do Trabalho. [&hellip;]<\/p>\n","protected":false},"author":96,"featured_media":87389,"comment_status":"closed","ping_status":"closed","sticky":false,"template":"","format":"standard","meta":{"footnotes":""},"categories":[261],"tags":[],"class_list":["post-87390","post","type-post","status-publish","format-standard","has-post-thumbnail","hentry","category-economia"],"_links":{"self":[{"href":"https:\/\/diarioregionaldigital.com.br\/index.php?rest_route=\/wp\/v2\/posts\/87390","targetHints":{"allow":["GET"]}}],"collection":[{"href":"https:\/\/diarioregionaldigital.com.br\/index.php?rest_route=\/wp\/v2\/posts"}],"about":[{"href":"https:\/\/diarioregionaldigital.com.br\/index.php?rest_route=\/wp\/v2\/types\/post"}],"author":[{"embeddable":true,"href":"https:\/\/diarioregionaldigital.com.br\/index.php?rest_route=\/wp\/v2\/users\/96"}],"replies":[{"embeddable":true,"href":"https:\/\/diarioregionaldigital.com.br\/index.php?rest_route=%2Fwp%2Fv2%2Fcomments&post=87390"}],"version-history":[{"count":0,"href":"https:\/\/diarioregionaldigital.com.br\/index.php?rest_route=\/wp\/v2\/posts\/87390\/revisions"}],"wp:featuredmedia":[{"embeddable":true,"href":"https:\/\/diarioregionaldigital.com.br\/index.php?rest_route=\/wp\/v2\/media\/87389"}],"wp:attachment":[{"href":"https:\/\/diarioregionaldigital.com.br\/index.php?rest_route=%2Fwp%2Fv2%2Fmedia&parent=87390"}],"wp:term":[{"taxonomy":"category","embeddable":true,"href":"https:\/\/diarioregionaldigital.com.br\/index.php?rest_route=%2Fwp%2Fv2%2Fcategories&post=87390"},{"taxonomy":"post_tag","embeddable":true,"href":"https:\/\/diarioregionaldigital.com.br\/index.php?rest_route=%2Fwp%2Fv2%2Ftags&post=87390"}],"curies":[{"name":"wp","href":"https:\/\/api.w.org\/{rel}","templated":true}]}}