{"id":87388,"date":"2017-12-13T19:01:09","date_gmt":"2017-12-13T21:01:09","guid":{"rendered":"http:\/\/diarioregionaljf.com.br\/2017\/12\/13\/idoso-e-assaltado-ao-chegar-em-casa-no-centro\/"},"modified":"2017-12-13T19:01:09","modified_gmt":"2017-12-13T21:01:09","slug":"idoso-e-assaltado-ao-chegar-em-casa-no-centro","status":"publish","type":"post","link":"https:\/\/diarioregionaldigital.com.br\/?p=87388","title":{"rendered":"Idoso \u00e9 assaltado ao chegar em casa no Centro"},"content":{"rendered":"<p>Um idoso de 64 anos foi assaltado por dois homens, que aparentavam estar armados com um rev\u00f3lver, ao chegar em casa, na Rua Francisco Bernardino, regi\u00e3o central, na tarde de segunda-feira, 11. A ocorr\u00eancia s\u00f3 foi registrada na Pol\u00edcia Militar (PM) nessa ter\u00e7a-feira, 12.<\/p>\n<p>De acordo com o registro, a v\u00edtima relatou aos militares que foi abordada pelos autores quando chegava em sua resid\u00eancia e a dupla anunciou o assalto, exigindo que o idoso os levasse at\u00e9 seu apartamento. No local, eles roubaram duas alian\u00e7as, roupas, perfumes e a quantia de R$190 em dinheiro.<\/p>\n<p>Ainda segundo informa\u00e7\u00f5es da PM, a v\u00edtima relatou que n\u00e3o fez o Boletim de Ocorr\u00eancias na data do fato por ter sido amea\u00e7ada de morte pelos autores caso o fizesse. No dia do assalto, os suspeitos ainda teriam levado as chaves do apartamento do idoso.<\/p>\n","protected":false},"excerpt":{"rendered":"<p>Um idoso de 64 anos foi assaltado por dois homens, que aparentavam estar armados com um rev\u00f3lver, ao chegar em casa, na Rua Francisco Bernardino, regi\u00e3o central, na tarde de segunda-feira, 11. A ocorr\u00eancia s\u00f3 foi registrada na Pol\u00edcia Militar (PM) nessa ter\u00e7a-feira, 12. De acordo com o registro, a v\u00edtima relatou aos militares que [&hellip;]<\/p>\n","protected":false},"author":96,"featured_media":87387,"comment_status":"closed","ping_status":"closed","sticky":false,"template":"","format":"standard","meta":{"footnotes":""},"categories":[301],"tags":[],"class_list":["post-87388","post","type-post","status-publish","format-standard","has-post-thumbnail","hentry","category-artigos-policiais"],"_links":{"self":[{"href":"https:\/\/diarioregionaldigital.com.br\/index.php?rest_route=\/wp\/v2\/posts\/87388","targetHints":{"allow":["GET"]}}],"collection":[{"href":"https:\/\/diarioregionaldigital.com.br\/index.php?rest_route=\/wp\/v2\/posts"}],"about":[{"href":"https:\/\/diarioregionaldigital.com.br\/index.php?rest_route=\/wp\/v2\/types\/post"}],"author":[{"embeddable":true,"href":"https:\/\/diarioregionaldigital.com.br\/index.php?rest_route=\/wp\/v2\/users\/96"}],"replies":[{"embeddable":true,"href":"https:\/\/diarioregionaldigital.com.br\/index.php?rest_route=%2Fwp%2Fv2%2Fcomments&post=87388"}],"version-history":[{"count":0,"href":"https:\/\/diarioregionaldigital.com.br\/index.php?rest_route=\/wp\/v2\/posts\/87388\/revisions"}],"wp:featuredmedia":[{"embeddable":true,"href":"https:\/\/diarioregionaldigital.com.br\/index.php?rest_route=\/wp\/v2\/media\/87387"}],"wp:attachment":[{"href":"https:\/\/diarioregionaldigital.com.br\/index.php?rest_route=%2Fwp%2Fv2%2Fmedia&parent=87388"}],"wp:term":[{"taxonomy":"category","embeddable":true,"href":"https:\/\/diarioregionaldigital.com.br\/index.php?rest_route=%2Fwp%2Fv2%2Fcategories&post=87388"},{"taxonomy":"post_tag","embeddable":true,"href":"https:\/\/diarioregionaldigital.com.br\/index.php?rest_route=%2Fwp%2Fv2%2Ftags&post=87388"}],"curies":[{"name":"wp","href":"https:\/\/api.w.org\/{rel}","templated":true}]}}