{"id":87386,"date":"2017-12-13T18:57:28","date_gmt":"2017-12-13T20:57:28","guid":{"rendered":"http:\/\/diarioregionaljf.com.br\/2017\/12\/13\/comercio-varejista-tem-queda-de-0-9-em-outubro\/"},"modified":"2017-12-13T18:57:28","modified_gmt":"2017-12-13T20:57:28","slug":"comercio-varejista-tem-queda-de-0-9-em-outubro","status":"publish","type":"post","link":"https:\/\/diarioregionaldigital.com.br\/?p=87386","title":{"rendered":"Com\u00e9rcio varejista tem queda de 0,9% em outubro"},"content":{"rendered":"<p>O volume de vendas do com\u00e9rcio varejista teve queda de 0,9% de setembro para outubro deste ano, segundo dados da Pesquisa Mensal do Com\u00e9rcio (PMC), divulgada nesta quarta-feira, 13, pelo Instituto Brasileiro de Geografia e Estat\u00edstica (IBGE). O recuo ocorreu depois de uma alta de 0,3% observada em setembro, na compara\u00e7\u00e3o com o m\u00eas anterior.<\/p>\n<p>Na m\u00e9dia m\u00f3vel trimestral, o com\u00e9rcio teve queda de 0,4%. Nos outros tipos de compara\u00e7\u00e3o temporal, no entanto, o com\u00e9rcio teve as seguintes altas: na compara\u00e7\u00e3o com outubro de 2016 (2,5%), no acumulado do ano (1,4%) e no acumulado de 12 meses (0,3%).<\/p>\n<p>Dos oito setores pesquisados, cinco tiveram queda no volume de vendas de setembro para outubro, com destaque para outros artigos de uso pessoal e dom\u00e9stico (-3,5%). Os demais setores em queda foram tecidos, vestu\u00e1rio e cal\u00e7ados (-2,7%), m\u00f3veis e eletrodom\u00e9sticos (-2,3%), artigos farmac\u00eauticos, m\u00e9dicos e de perfumaria (-0,7%) e supermercados, alimentos, bebidas e fumo (-0,3%).<\/p>\n<p>Tr\u00eas atividades tiveram alta: combust\u00edveis e lubrificantes (2,4%), livros, revista e papelaria (2,4%) e equipamentos e material de inform\u00e1tica, escrit\u00f3rio e comunica\u00e7\u00e3o (3,4%).<\/p>\n<p>O com\u00e9rcio varejista ampliado, que tamb\u00e9m inclui os resultados dos setores de ve\u00edculos e materiais de constru\u00e7\u00e3o, teve queda de 1,4% de setembro para outubro. Os ve\u00edculos, motos, partes e pe\u00e7as recuaram 1,9% e os materiais de constru\u00e7\u00e3o, 1%.<\/p>\n<p>Nos outros tipos de compara\u00e7\u00e3o temporal, o varejo ampliado teve os seguintes resultados: m\u00e9dia m\u00f3vel trimestral (-0,2%), compara\u00e7\u00e3o com outubro de 2016 (7,5%), acumulado do ano (3,2%) e acumulado de 12 meses (1,4%).<\/p>\n<p><strong>Receita nominal<\/strong><\/p>\n<p>A receita nominal do com\u00e9rcio varejista apresentou queda de 0,5% de setembro para outubro e altas de 0,1% na m\u00e9dia m\u00f3vel trimestral, 1% na compara\u00e7\u00e3o com outubro do ano passado, 1,9% no acumulado do ano e 2,1% no acumulado de 12 meses.<\/p>\n<p>J\u00e1 a receita do varejo ampliado caiu 1,4% de setembro para outubro e avan\u00e7ou 0,1% na m\u00e9dia m\u00f3vel trimestral, 5,4% na compara\u00e7\u00e3o com outubro de 2016, 3,1% no acumulado do ano e 2,5% no acumulado de 12 meses.<\/p>\n<hr \/>\n<p>&nbsp;Fonte: Ag\u00eancia Brasil<\/p>\n","protected":false},"excerpt":{"rendered":"<p>O volume de vendas do com\u00e9rcio varejista teve queda de 0,9% de setembro para outubro deste ano, segundo dados da Pesquisa Mensal do Com\u00e9rcio (PMC), divulgada nesta quarta-feira, 13, pelo Instituto Brasileiro de Geografia e Estat\u00edstica (IBGE). O recuo ocorreu depois de uma alta de 0,3% observada em setembro, na compara\u00e7\u00e3o com o m\u00eas anterior. [&hellip;]<\/p>\n","protected":false},"author":96,"featured_media":87385,"comment_status":"closed","ping_status":"closed","sticky":false,"template":"","format":"standard","meta":{"footnotes":""},"categories":[261],"tags":[],"class_list":["post-87386","post","type-post","status-publish","format-standard","has-post-thumbnail","hentry","category-economia"],"_links":{"self":[{"href":"https:\/\/diarioregionaldigital.com.br\/index.php?rest_route=\/wp\/v2\/posts\/87386","targetHints":{"allow":["GET"]}}],"collection":[{"href":"https:\/\/diarioregionaldigital.com.br\/index.php?rest_route=\/wp\/v2\/posts"}],"about":[{"href":"https:\/\/diarioregionaldigital.com.br\/index.php?rest_route=\/wp\/v2\/types\/post"}],"author":[{"embeddable":true,"href":"https:\/\/diarioregionaldigital.com.br\/index.php?rest_route=\/wp\/v2\/users\/96"}],"replies":[{"embeddable":true,"href":"https:\/\/diarioregionaldigital.com.br\/index.php?rest_route=%2Fwp%2Fv2%2Fcomments&post=87386"}],"version-history":[{"count":0,"href":"https:\/\/diarioregionaldigital.com.br\/index.php?rest_route=\/wp\/v2\/posts\/87386\/revisions"}],"wp:featuredmedia":[{"embeddable":true,"href":"https:\/\/diarioregionaldigital.com.br\/index.php?rest_route=\/wp\/v2\/media\/87385"}],"wp:attachment":[{"href":"https:\/\/diarioregionaldigital.com.br\/index.php?rest_route=%2Fwp%2Fv2%2Fmedia&parent=87386"}],"wp:term":[{"taxonomy":"category","embeddable":true,"href":"https:\/\/diarioregionaldigital.com.br\/index.php?rest_route=%2Fwp%2Fv2%2Fcategories&post=87386"},{"taxonomy":"post_tag","embeddable":true,"href":"https:\/\/diarioregionaldigital.com.br\/index.php?rest_route=%2Fwp%2Fv2%2Ftags&post=87386"}],"curies":[{"name":"wp","href":"https:\/\/api.w.org\/{rel}","templated":true}]}}