{"id":87384,"date":"2017-12-13T18:54:17","date_gmt":"2017-12-13T20:54:17","guid":{"rendered":"http:\/\/diarioregionaljf.com.br\/2017\/12\/13\/producao-de-carne-de-frango-e-de-porco-aumenta-em-2017\/"},"modified":"2017-12-13T18:54:17","modified_gmt":"2017-12-13T20:54:17","slug":"producao-de-carne-de-frango-e-de-porco-aumenta-em-2017","status":"publish","type":"post","link":"https:\/\/diarioregionaldigital.com.br\/?p=87384","title":{"rendered":"Produ\u00e7\u00e3o de carne de frango e de porco aumenta em 2017"},"content":{"rendered":"<p>A produ\u00e7\u00e3o de carne de frango no pa\u00eds deve chegar a 13,056 milh\u00f5es de toneladas em 2017, 1,2% a mais do que no ano anterior. As exporta\u00e7\u00f5es devem caminhar no sentido contr\u00e1rio, com queda de 1,48%, com 4,319 milh\u00f5es de toneladas, ante as 4,384 milh\u00f5es de toneladas exportadas no ano de 2016. De janeiro a novembro, as exporta\u00e7\u00f5es atingiram US$6,62 bilh\u00f5es, 6,9% a mais do que no mesmo per\u00edodo do ano passado. Os dados foram divulgados pela Associa\u00e7\u00e3o Brasileira de Prote\u00edna Animal (ABPA).<\/p>\n<p>No caso da carne su\u00edna, a produ\u00e7\u00e3o deve passar de 3,731 milh\u00f5es de toneladas em 2016 para 3,759 milh\u00f5es de toneladas, o que corresponde a um crescimento de 0,7%.<\/p>\n<p>As exporta\u00e7\u00f5es devem registrar retra\u00e7\u00e3o de 5,4% ao passar de 732 mil toneladas para 683 mil toneladas. Em valores, a receita das exporta\u00e7\u00f5es de su\u00edno totalizaram US$1,499 bilh\u00e3o de janeiro a novembro, refletindo em um aumento de 9,8%.<\/p>\n<p>Os dados mostram ainda que a produ\u00e7\u00e3o de ovos deve totalizar 39,923 bilh\u00f5es de unidades em 2017, 1,89% a mais do que em 2016. As exporta\u00e7\u00f5es devem registrar queda de 44% no volume, passando de 10.411 toneladas para 5.834 toneladas.<\/p>\n<p>De janeiro a novembro, a receita chegou a US$7,5 milh\u00f5es, 43,8% a menos do que igual per\u00edodo do ano passado.<\/p>\n<p>De acordo com o presidente da ABPA, Francisco Turra, os resultados superam a expectativa tra\u00e7ada depois da crise causada pela Opera\u00e7\u00e3o Carne Fraca, que resultou em san\u00e7\u00f5es de 77 mercados \u00e0s carnes de aves e su\u00ednos no pa\u00eds. Atualmente tr\u00eas mercados permanecem fechados: Trinidad e Tobago, Santa L\u00facia e Zimb\u00e1bue.&nbsp;&#8220;Foi um epis\u00f3dio que trouxe reflexos e li\u00e7\u00f5es. Se algu\u00e9m praticava alguma irregularidade, com certeza absoluta vai cuidar para nunca mais praticar.<\/p>\n<p>Quem \u00e9 global n\u00e3o pode errar. Sofremos muito com isso, tanto \u00e9 que os n\u00fameros foram interessantes. N\u00f3s decrescemos em volume nas exporta\u00e7\u00f5es, mas crescemos em receita, ou seja, o Brasil n\u00e3o se entregou, acreditou no produto, valorizou e isso n\u00e3o acontecia havia muito tempo\u201d.<\/p>\n<p>Turra destacou a melhoria no consumo interno per capita de frango que foi de 42 quilos no ano, uma eleva\u00e7\u00e3o de 1,8%. Para a carne su\u00edna o aumento foi de 1,7% ao atingir os 14,7 quilos. No caso dos ovos, o consumo por pessoa em 2017 chegou a 192 unidades, o que corresponde a um aumento de 0,8%.<\/p>\n<p>\u201cCom rela\u00e7\u00e3o ao consumo interno houve melhora tamb\u00e9m, o que foi muito significativo em um ano no qual tamb\u00e9m o consumidor interno foi abalado com essas not\u00edcias sobre irregularidade, inconformidades\u201d, disse.<\/p>\n<p>Segundo as expectativas da entidade, em 2018 produ\u00e7\u00e3o de carne de frango deve aumentar entre 2% e 4% e as exporta\u00e7\u00f5es entre 1% e 3%. A carne su\u00edna deve ter eleva\u00e7\u00e3o de 2% a 3% na produ\u00e7\u00e3o e 4% a 5% nas exporta\u00e7\u00f5es. Com rela\u00e7\u00e3o aos ovos espera-se crescimento de 6% na produ\u00e7\u00e3o.<\/p>\n<hr \/>\n<p>&nbsp;Fonte: Ag\u00eancia Brasil<\/p>\n","protected":false},"excerpt":{"rendered":"<p>A produ\u00e7\u00e3o de carne de frango no pa\u00eds deve chegar a 13,056 milh\u00f5es de toneladas em 2017, 1,2% a mais do que no ano anterior. As exporta\u00e7\u00f5es devem caminhar no sentido contr\u00e1rio, com queda de 1,48%, com 4,319 milh\u00f5es de toneladas, ante as 4,384 milh\u00f5es de toneladas exportadas no ano de 2016. De janeiro a [&hellip;]<\/p>\n","protected":false},"author":96,"featured_media":87383,"comment_status":"closed","ping_status":"closed","sticky":false,"template":"","format":"standard","meta":{"footnotes":""},"categories":[261],"tags":[],"class_list":["post-87384","post","type-post","status-publish","format-standard","has-post-thumbnail","hentry","category-economia"],"_links":{"self":[{"href":"https:\/\/diarioregionaldigital.com.br\/index.php?rest_route=\/wp\/v2\/posts\/87384","targetHints":{"allow":["GET"]}}],"collection":[{"href":"https:\/\/diarioregionaldigital.com.br\/index.php?rest_route=\/wp\/v2\/posts"}],"about":[{"href":"https:\/\/diarioregionaldigital.com.br\/index.php?rest_route=\/wp\/v2\/types\/post"}],"author":[{"embeddable":true,"href":"https:\/\/diarioregionaldigital.com.br\/index.php?rest_route=\/wp\/v2\/users\/96"}],"replies":[{"embeddable":true,"href":"https:\/\/diarioregionaldigital.com.br\/index.php?rest_route=%2Fwp%2Fv2%2Fcomments&post=87384"}],"version-history":[{"count":0,"href":"https:\/\/diarioregionaldigital.com.br\/index.php?rest_route=\/wp\/v2\/posts\/87384\/revisions"}],"wp:featuredmedia":[{"embeddable":true,"href":"https:\/\/diarioregionaldigital.com.br\/index.php?rest_route=\/wp\/v2\/media\/87383"}],"wp:attachment":[{"href":"https:\/\/diarioregionaldigital.com.br\/index.php?rest_route=%2Fwp%2Fv2%2Fmedia&parent=87384"}],"wp:term":[{"taxonomy":"category","embeddable":true,"href":"https:\/\/diarioregionaldigital.com.br\/index.php?rest_route=%2Fwp%2Fv2%2Fcategories&post=87384"},{"taxonomy":"post_tag","embeddable":true,"href":"https:\/\/diarioregionaldigital.com.br\/index.php?rest_route=%2Fwp%2Fv2%2Ftags&post=87384"}],"curies":[{"name":"wp","href":"https:\/\/api.w.org\/{rel}","templated":true}]}}