{"id":87382,"date":"2017-12-13T18:53:23","date_gmt":"2017-12-13T20:53:23","guid":{"rendered":"http:\/\/diarioregionaljf.com.br\/2017\/12\/13\/congresso-derruba-veto-que-tornava-autofinanciamento-de-campanhas-ilimitado\/"},"modified":"2017-12-13T18:53:23","modified_gmt":"2017-12-13T20:53:23","slug":"congresso-derruba-veto-que-tornava-autofinanciamento-de-campanhas-ilimitado","status":"publish","type":"post","link":"https:\/\/diarioregionaldigital.com.br\/?p=87382","title":{"rendered":"Congresso derruba veto que tornava autofinanciamento de campanhas ilimitado"},"content":{"rendered":"<p>O Congresso Nacional derrubou o veto do presidente Michel Temer que permitia financiamento ilimitado de pol\u00edticos para suas pr\u00f3prias campanhas eleitorais. Com uma margem apertada no Senado e mais de 40 votos de diferen\u00e7a na C\u00e2mara, os deputados e senadores mantiveram o texto da minirreforma eleitoral como aprovado no in\u00edcio de outubro.<\/p>\n<p>Os parlamentares discordaram do veto presidencial por 302 votos a 12 na C\u00e2mara, e com um placar de 43 a 6 no Senado. Para que os vetos sejam derrubados ou aceitos, \u00e9 necess\u00e1rio o apoio de pelo menos 257 deputados ou 42 senadores.<\/p>\n<p>Ao sancionar a lei, Temer tirou a parte que limitava as doa\u00e7\u00f5es eleitorais de pessoas f\u00edsicas a 10% do rendimento do doador auferido no ano anterior \u00e0 disputa. Com isso, caso o veto fosse mantido, poria fim tamb\u00e9m ao teto para os autofinanciamentos de campanhas pelos candidatos.<\/p>\n<p>Os demais vetos do presidente foram mantidos. \u00c9 o caso do trecho que obrigava provedores de internet a retirarem do ar, no prazo de 24 horas, as publica\u00e7\u00f5es denunciadas como falsas ou de incita\u00e7\u00e3o de \u00f3dio.<\/p>\n<p>Ap\u00f3s gerar pol\u00eamicas sobre a possibilidade de abrir brechas \u00e0 censura, o veto foi negociado com o pr\u00f3prio autor da emenda ao projeto de lei, j\u00e1 que a supress\u00e3o das publica\u00e7\u00f5es poderia ocorrer mediante simples reclama\u00e7\u00e3o de partidos mesmo que ainda n\u00e3o haja ordem judicial.<\/p>\n<p>Este e outro projeto com mudan\u00e7as eleitorais foram aprovados nos \u00faltimos meses pelos parlamentares, assim como uma emenda \u00e0 Constitui\u00e7\u00e3o, a tempo de as regras valerem para as elei\u00e7\u00f5es presidenciais de 2018.<\/p>\n<p>Fonte: Ag\u00eancia Brasil<\/p>\n","protected":false},"excerpt":{"rendered":"<p>O Congresso Nacional derrubou o veto do presidente Michel Temer que permitia financiamento ilimitado de pol\u00edticos para suas pr\u00f3prias campanhas eleitorais. Com uma margem apertada no Senado e mais de 40 votos de diferen\u00e7a na C\u00e2mara, os deputados e senadores mantiveram o texto da minirreforma eleitoral como aprovado no in\u00edcio de outubro. Os parlamentares discordaram [&hellip;]<\/p>\n","protected":false},"author":96,"featured_media":87381,"comment_status":"closed","ping_status":"closed","sticky":false,"template":"","format":"standard","meta":{"footnotes":""},"categories":[254],"tags":[],"class_list":["post-87382","post","type-post","status-publish","format-standard","has-post-thumbnail","hentry","category-politica"],"_links":{"self":[{"href":"https:\/\/diarioregionaldigital.com.br\/index.php?rest_route=\/wp\/v2\/posts\/87382","targetHints":{"allow":["GET"]}}],"collection":[{"href":"https:\/\/diarioregionaldigital.com.br\/index.php?rest_route=\/wp\/v2\/posts"}],"about":[{"href":"https:\/\/diarioregionaldigital.com.br\/index.php?rest_route=\/wp\/v2\/types\/post"}],"author":[{"embeddable":true,"href":"https:\/\/diarioregionaldigital.com.br\/index.php?rest_route=\/wp\/v2\/users\/96"}],"replies":[{"embeddable":true,"href":"https:\/\/diarioregionaldigital.com.br\/index.php?rest_route=%2Fwp%2Fv2%2Fcomments&post=87382"}],"version-history":[{"count":0,"href":"https:\/\/diarioregionaldigital.com.br\/index.php?rest_route=\/wp\/v2\/posts\/87382\/revisions"}],"wp:featuredmedia":[{"embeddable":true,"href":"https:\/\/diarioregionaldigital.com.br\/index.php?rest_route=\/wp\/v2\/media\/87381"}],"wp:attachment":[{"href":"https:\/\/diarioregionaldigital.com.br\/index.php?rest_route=%2Fwp%2Fv2%2Fmedia&parent=87382"}],"wp:term":[{"taxonomy":"category","embeddable":true,"href":"https:\/\/diarioregionaldigital.com.br\/index.php?rest_route=%2Fwp%2Fv2%2Fcategories&post=87382"},{"taxonomy":"post_tag","embeddable":true,"href":"https:\/\/diarioregionaldigital.com.br\/index.php?rest_route=%2Fwp%2Fv2%2Ftags&post=87382"}],"curies":[{"name":"wp","href":"https:\/\/api.w.org\/{rel}","templated":true}]}}