{"id":87380,"date":"2017-12-13T18:47:03","date_gmt":"2017-12-13T20:47:03","guid":{"rendered":"http:\/\/diarioregionaljf.com.br\/2017\/12\/13\/executiva-do-psdb-fecha-questao-a-favor-da-reforma-da-previdencia\/"},"modified":"2017-12-13T18:47:03","modified_gmt":"2017-12-13T20:47:03","slug":"executiva-do-psdb-fecha-questao-a-favor-da-reforma-da-previdencia","status":"publish","type":"post","link":"https:\/\/diarioregionaldigital.com.br\/?p=87380","title":{"rendered":"Executiva do PSDB fecha quest\u00e3o a favor da reforma da Previd\u00eancia"},"content":{"rendered":"<p>A Comiss\u00e3o Executiva do PSDB e integrantes das bancadas do partido na C\u00e2mara e no Senado decidiram nessa quarta-feira, 13, fechar quest\u00e3o a favor da aprova\u00e7\u00e3o da reforma da Previd\u00eancia. Al\u00e9m da sigla tucana, o PMDB, o PTB e o PPS tamb\u00e9m orientaram a bancada a votar a favor da Proposta de Emenda \u00e0 Constitui\u00e7\u00e3o (PEC) 287\/16, que modifica regras do sistema previdenci\u00e1rio.<\/p>\n<p>Quando um partido fecha quest\u00e3o sobre uma vota\u00e7\u00e3o, os parlamentares que n\u00e3o acompanham a decis\u00e3o da executiva podem sofrer penalidades, como suspens\u00e3o de atividades partid\u00e1rias ou at\u00e9 mesmo expuls\u00e3o da legenda.<\/p>\n<p>O presidente do PSDB, Geraldo Alckmin, disse que o fechamento de quest\u00e3o deixa \u201cclar\u00edssimo\u201d o posicionamento do partido favor\u00e1vel \u00e0 aprova\u00e7\u00e3o da reforma da Previd\u00eancia. A sigla ainda n\u00e3o definiu se haver\u00e1 puni\u00e7\u00e3o aos parlamentares que votarem contra a reforma. Segundo Alckmin, antes de decidir se haver\u00e1 puni\u00e7\u00e3o ou n\u00e3o aos que n\u00e3o votarem conforme decis\u00e3o partid\u00e1ria, ser\u00e1 feito trabalho de convencimento junto aos parlamentares tucanos.<\/p>\n<p>A bancada do PSDB tem 46 deputados na C\u00e2mara. Segundo o l\u00edder do partido na Casa, deputado Ricardo Tripoli (SP), o apoio \u00e0 reforma da Previd\u00eancia ainda n\u00e3o \u00e9 consenso entre os parlamentares, mas est\u00e1 avan\u00e7ando. \u201cN\u00e3o temos o n\u00famero exato, mas diria que ultrapassamos o n\u00famero de 20 parlamentares a favor. Estamos rumando para 50% da bancada. E agora, com o fechamento de quest\u00e3o, alguns outros deputados se sentir\u00e3o mais confort\u00e1veis para votar com o partido\u201d, disse.<\/p>\n<p>&nbsp;<\/p>\n<h4>VOTA\u00c7\u00c3O<\/h4>\n<p>A perspectiva do presidente da C\u00e2mara, deputado Rodrigo Maia (DEM-RJ) \u00e9 marcar nesta quinta-feira, 14, a data de in\u00edcio da aprecia\u00e7\u00e3o da reforma da Previd\u00eancia pelo plen\u00e1rio da Casa. Para ser aprovada, a mat\u00e9ria precisa do apoio de pelo menos 308 votos, em dois turnos. Sem a garantia de votos suficientes pela aprova\u00e7\u00e3o da reforma, Maia tem resistido em marcar a data de vota\u00e7\u00e3o. At\u00e9 o momento, a previs\u00e3o \u00e9 de vota\u00e7\u00e3o a partir da sess\u00e3o de ter\u00e7a-feira, 19.<\/p>\n<p>\u201cAcho que hoje a gente tem uma situa\u00e7\u00e3o bem melhor do que tinha nas \u00faltimas semanas e ela vai continuar melhorando. Com esse crescimento chega a 308 votos\u201d, avaliou Maia. O partido de Maia, o Democratas, tamb\u00e9m sinalizou que vai fechar quest\u00e3o em favor da aprova\u00e7\u00e3o da reforma da previd\u00eancia.<\/p>\n<p>Fonte: Ag\u00eancia Brasil<\/p>\n","protected":false},"excerpt":{"rendered":"<p>A Comiss\u00e3o Executiva do PSDB e integrantes das bancadas do partido na C\u00e2mara e no Senado decidiram nessa quarta-feira, 13, fechar quest\u00e3o a favor da aprova\u00e7\u00e3o da reforma da Previd\u00eancia. Al\u00e9m da sigla tucana, o PMDB, o PTB e o PPS tamb\u00e9m orientaram a bancada a votar a favor da Proposta de Emenda \u00e0 Constitui\u00e7\u00e3o [&hellip;]<\/p>\n","protected":false},"author":96,"featured_media":87379,"comment_status":"closed","ping_status":"closed","sticky":false,"template":"","format":"standard","meta":{"footnotes":""},"categories":[254],"tags":[],"class_list":["post-87380","post","type-post","status-publish","format-standard","has-post-thumbnail","hentry","category-politica"],"_links":{"self":[{"href":"https:\/\/diarioregionaldigital.com.br\/index.php?rest_route=\/wp\/v2\/posts\/87380","targetHints":{"allow":["GET"]}}],"collection":[{"href":"https:\/\/diarioregionaldigital.com.br\/index.php?rest_route=\/wp\/v2\/posts"}],"about":[{"href":"https:\/\/diarioregionaldigital.com.br\/index.php?rest_route=\/wp\/v2\/types\/post"}],"author":[{"embeddable":true,"href":"https:\/\/diarioregionaldigital.com.br\/index.php?rest_route=\/wp\/v2\/users\/96"}],"replies":[{"embeddable":true,"href":"https:\/\/diarioregionaldigital.com.br\/index.php?rest_route=%2Fwp%2Fv2%2Fcomments&post=87380"}],"version-history":[{"count":0,"href":"https:\/\/diarioregionaldigital.com.br\/index.php?rest_route=\/wp\/v2\/posts\/87380\/revisions"}],"wp:featuredmedia":[{"embeddable":true,"href":"https:\/\/diarioregionaldigital.com.br\/index.php?rest_route=\/wp\/v2\/media\/87379"}],"wp:attachment":[{"href":"https:\/\/diarioregionaldigital.com.br\/index.php?rest_route=%2Fwp%2Fv2%2Fmedia&parent=87380"}],"wp:term":[{"taxonomy":"category","embeddable":true,"href":"https:\/\/diarioregionaldigital.com.br\/index.php?rest_route=%2Fwp%2Fv2%2Fcategories&post=87380"},{"taxonomy":"post_tag","embeddable":true,"href":"https:\/\/diarioregionaldigital.com.br\/index.php?rest_route=%2Fwp%2Fv2%2Ftags&post=87380"}],"curies":[{"name":"wp","href":"https:\/\/api.w.org\/{rel}","templated":true}]}}