{"id":87378,"date":"2017-12-13T18:43:35","date_gmt":"2017-12-13T20:43:35","guid":{"rendered":"http:\/\/diarioregionaljf.com.br\/2017\/12\/13\/stf-tem-tres-votos-a-favor-de-delacao-negociada-pela-policia-federal\/"},"modified":"2017-12-13T18:43:35","modified_gmt":"2017-12-13T20:43:35","slug":"stf-tem-tres-votos-a-favor-de-delacao-negociada-pela-policia-federal","status":"publish","type":"post","link":"https:\/\/diarioregionaldigital.com.br\/?p=87378","title":{"rendered":"STF tem tr\u00eas votos a favor de dela\u00e7\u00e3o negociada pela Pol\u00edcia Federal"},"content":{"rendered":"<p>O ministro do Supremo Tribunal Federal Lu\u00eds Roberto Barroso votou nesta quarta-feira, 13, para manter a autoriza\u00e7\u00e3o legal para que a Pol\u00edcia Federal (PF) possa negociar dela\u00e7\u00f5es premiadas, conforme previsto na Lei de Organiza\u00e7\u00f5es Criminosas (12.850\/2013). No entanto, o ministro entende que a pol\u00edcia n\u00e3o pode garantir os benef\u00edcios, que devem valer somente ap\u00f3s decis\u00e3o judicial.<\/p>\n<p>O julgamento come\u00e7ou nesta manh\u00e3, e h\u00e1 tr\u00eas votos a favor das dela\u00e7\u00f5es da PF, mas com pequenas diverg\u00eancias entre eles. Tamb\u00e9m j\u00e1 votaram neste sentido os ministros Marco Aur\u00e9lio e Alexandre de Moraes. Edson Fachin votou contra.<\/p>\n<p>Faltam os votos dos ministros Rosa Weber, Luiz Fux, Dias Toffoli, Celso de Mello e da presidente, C\u00e1rmen L\u00facia. Gilmar Mendes e Ricardo Lewandowski est\u00e3o ausentes.<\/p>\n<p>A Corte julga a\u00e7\u00e3o na qual a Procuradoria-Geral da Rep\u00fablica (PGR) alega que a possibilidade de a PF realizar os acordos enfraquece a atribui\u00e7\u00e3o exclusiva do Minist\u00e9rio P\u00fablico (MP) de oferecer den\u00fancia contra criminosos.<\/p>\n<p>Para a procuradora-geral da Rep\u00fablica, Raquel Dodge, o delegado da PF n\u00e3o tem a prerrogativa de oferecer pr\u00eamios ao colaborador, uma vez que cabe somente ao Minist\u00e9rio P\u00fablico o papel de oferecer den\u00fancia contra o criminoso.<\/p>\n<p>Fonte: Ag\u00eancia Brasil<\/p>\n","protected":false},"excerpt":{"rendered":"<p>O ministro do Supremo Tribunal Federal Lu\u00eds Roberto Barroso votou nesta quarta-feira, 13, para manter a autoriza\u00e7\u00e3o legal para que a Pol\u00edcia Federal (PF) possa negociar dela\u00e7\u00f5es premiadas, conforme previsto na Lei de Organiza\u00e7\u00f5es Criminosas (12.850\/2013). No entanto, o ministro entende que a pol\u00edcia n\u00e3o pode garantir os benef\u00edcios, que devem valer somente ap\u00f3s decis\u00e3o [&hellip;]<\/p>\n","protected":false},"author":96,"featured_media":87377,"comment_status":"closed","ping_status":"closed","sticky":false,"template":"","format":"standard","meta":{"footnotes":""},"categories":[254],"tags":[],"class_list":["post-87378","post","type-post","status-publish","format-standard","has-post-thumbnail","hentry","category-politica"],"_links":{"self":[{"href":"https:\/\/diarioregionaldigital.com.br\/index.php?rest_route=\/wp\/v2\/posts\/87378","targetHints":{"allow":["GET"]}}],"collection":[{"href":"https:\/\/diarioregionaldigital.com.br\/index.php?rest_route=\/wp\/v2\/posts"}],"about":[{"href":"https:\/\/diarioregionaldigital.com.br\/index.php?rest_route=\/wp\/v2\/types\/post"}],"author":[{"embeddable":true,"href":"https:\/\/diarioregionaldigital.com.br\/index.php?rest_route=\/wp\/v2\/users\/96"}],"replies":[{"embeddable":true,"href":"https:\/\/diarioregionaldigital.com.br\/index.php?rest_route=%2Fwp%2Fv2%2Fcomments&post=87378"}],"version-history":[{"count":0,"href":"https:\/\/diarioregionaldigital.com.br\/index.php?rest_route=\/wp\/v2\/posts\/87378\/revisions"}],"wp:featuredmedia":[{"embeddable":true,"href":"https:\/\/diarioregionaldigital.com.br\/index.php?rest_route=\/wp\/v2\/media\/87377"}],"wp:attachment":[{"href":"https:\/\/diarioregionaldigital.com.br\/index.php?rest_route=%2Fwp%2Fv2%2Fmedia&parent=87378"}],"wp:term":[{"taxonomy":"category","embeddable":true,"href":"https:\/\/diarioregionaldigital.com.br\/index.php?rest_route=%2Fwp%2Fv2%2Fcategories&post=87378"},{"taxonomy":"post_tag","embeddable":true,"href":"https:\/\/diarioregionaldigital.com.br\/index.php?rest_route=%2Fwp%2Fv2%2Ftags&post=87378"}],"curies":[{"name":"wp","href":"https:\/\/api.w.org\/{rel}","templated":true}]}}