{"id":87376,"date":"2017-12-13T18:38:43","date_gmt":"2017-12-13T20:38:43","guid":{"rendered":"http:\/\/diarioregionaljf.com.br\/2017\/12\/13\/anvisa-libera-servico-de-vacinacao-em-farmacias-de-todo-o-pais\/"},"modified":"2017-12-13T18:38:43","modified_gmt":"2017-12-13T20:38:43","slug":"anvisa-libera-servico-de-vacinacao-em-farmacias-de-todo-o-pais","status":"publish","type":"post","link":"https:\/\/diarioregionaldigital.com.br\/?p=87376","title":{"rendered":"Anvisa libera servi\u00e7o de vacina\u00e7\u00e3o em farm\u00e1cias de todo o pa\u00eds"},"content":{"rendered":"<p>Farm\u00e1cias e drogarias de todo o pa\u00eds v\u00e3o poder oferecer o servi\u00e7o de vacina\u00e7\u00e3o a clientes. A possibilidade foi garantida em resolu\u00e7\u00e3o aprovada nessa ter\u00e7a-feira, 12, pela diretoria colegiada da Ag\u00eancia Nacional de Vigil\u00e2ncia Sanit\u00e1ria (Anvisa).<\/p>\n<p>O servi\u00e7o j\u00e1 era regulamentado em alguns estados, como S\u00e3o Paulo, Santa Catarina, Paran\u00e1, Minas Gerais e Distrito Federal. Com a decis\u00e3o, que ser\u00e1 publicada no Di\u00e1rio Oficial da Uni\u00e3o nos pr\u00f3ximos dias, ela ser\u00e1 estendida \u00e0s demais unidades da federa\u00e7\u00e3o.<\/p>\n<p>A resolu\u00e7\u00e3o tamb\u00e9m estabelece exig\u00eancias para estabelecimentos de sa\u00fade que v\u00e3o oferecer o servi\u00e7o. Esses devem estar inscritos no Cadastro Nacional dos Estabelecimentos de Sa\u00fade (CNES), disponibilizar o calend\u00e1rio nacional de vacina\u00e7\u00e3o e os tipos de medicamentos dispon\u00edveis aos clientes.<\/p>\n<p>Em cada local \u00e9 obrigat\u00f3ria a designa\u00e7\u00e3o de um respons\u00e1vel t\u00e9cnico e a contrata\u00e7\u00e3o de profissionais habilitados para aplicar vacinas, com a realiza\u00e7\u00e3o de capacita\u00e7\u00f5es constantes. As instala\u00e7\u00f5es precisam ser adequadas e seguir par\u00e2metros estabelecidos nas normas do setor, como ambiente refrigerado para armazenar as vacinas e cuidados no transporte dos materiais para n\u00e3o prejudicar a qualidade.<\/p>\n<p>As regras aprovadas pela Anvisa tamb\u00e9m preveem obrigatoriedade de registro das informa\u00e7\u00f5es nos cart\u00f5es de vacina\u00e7\u00e3o e de erros ou problemas no sistema da ag\u00eancia e liberdade para emitir Certificados Internacionais de Vacina\u00e7\u00e3o.<\/p>\n<p>Fonte: Ag\u00eancia Brasil<\/p>\n","protected":false},"excerpt":{"rendered":"<p>Farm\u00e1cias e drogarias de todo o pa\u00eds v\u00e3o poder oferecer o servi\u00e7o de vacina\u00e7\u00e3o a clientes. A possibilidade foi garantida em resolu\u00e7\u00e3o aprovada nessa ter\u00e7a-feira, 12, pela diretoria colegiada da Ag\u00eancia Nacional de Vigil\u00e2ncia Sanit\u00e1ria (Anvisa). O servi\u00e7o j\u00e1 era regulamentado em alguns estados, como S\u00e3o Paulo, Santa Catarina, Paran\u00e1, Minas Gerais e Distrito Federal. [&hellip;]<\/p>\n","protected":false},"author":96,"featured_media":87375,"comment_status":"closed","ping_status":"closed","sticky":false,"template":"","format":"standard","meta":{"footnotes":""},"categories":[302],"tags":[],"class_list":["post-87376","post","type-post","status-publish","format-standard","has-post-thumbnail","hentry","category-brasil-mundo"],"_links":{"self":[{"href":"https:\/\/diarioregionaldigital.com.br\/index.php?rest_route=\/wp\/v2\/posts\/87376","targetHints":{"allow":["GET"]}}],"collection":[{"href":"https:\/\/diarioregionaldigital.com.br\/index.php?rest_route=\/wp\/v2\/posts"}],"about":[{"href":"https:\/\/diarioregionaldigital.com.br\/index.php?rest_route=\/wp\/v2\/types\/post"}],"author":[{"embeddable":true,"href":"https:\/\/diarioregionaldigital.com.br\/index.php?rest_route=\/wp\/v2\/users\/96"}],"replies":[{"embeddable":true,"href":"https:\/\/diarioregionaldigital.com.br\/index.php?rest_route=%2Fwp%2Fv2%2Fcomments&post=87376"}],"version-history":[{"count":0,"href":"https:\/\/diarioregionaldigital.com.br\/index.php?rest_route=\/wp\/v2\/posts\/87376\/revisions"}],"wp:featuredmedia":[{"embeddable":true,"href":"https:\/\/diarioregionaldigital.com.br\/index.php?rest_route=\/wp\/v2\/media\/87375"}],"wp:attachment":[{"href":"https:\/\/diarioregionaldigital.com.br\/index.php?rest_route=%2Fwp%2Fv2%2Fmedia&parent=87376"}],"wp:term":[{"taxonomy":"category","embeddable":true,"href":"https:\/\/diarioregionaldigital.com.br\/index.php?rest_route=%2Fwp%2Fv2%2Fcategories&post=87376"},{"taxonomy":"post_tag","embeddable":true,"href":"https:\/\/diarioregionaldigital.com.br\/index.php?rest_route=%2Fwp%2Fv2%2Ftags&post=87376"}],"curies":[{"name":"wp","href":"https:\/\/api.w.org\/{rel}","templated":true}]}}