{"id":87372,"date":"2017-12-13T18:30:31","date_gmt":"2017-12-13T20:30:31","guid":{"rendered":"http:\/\/diarioregionaljf.com.br\/2017\/12\/13\/exercito-faz-acao-no-complexo-da-mare-no-rio\/"},"modified":"2017-12-13T18:30:31","modified_gmt":"2017-12-13T20:30:31","slug":"exercito-faz-acao-no-complexo-da-mare-no-rio","status":"publish","type":"post","link":"https:\/\/diarioregionaldigital.com.br\/?p=87372","title":{"rendered":"Ex\u00e9rcito faz a\u00e7\u00e3o no Complexo da Mar\u00e9, no Rio"},"content":{"rendered":"<p>Cerca de 800 homens do Ex\u00e9rcito fazem nesta quarta-feira, 13, uma a\u00e7\u00e3o na favela Nova Holanda, no Complexo da Mar\u00e9, na zona norte do Rio de Janeiro. De acordo com o Estado-Maior Conjunto das Opera\u00e7\u00f5es em Apoio ao Plano Nacional de Seguran\u00e7a P\u00fablica, o objetivo \u00e9 cumprir mandados judiciais de um Inqu\u00e9rito Policial Militar (IPM).<\/p>\n<p>Os militares est\u00e3o recebendo o apoio de ve\u00edculos blindados e aeronaves. Algumas ruas est\u00e3o interditadas e os espa\u00e7os a\u00e9reos est\u00e3o controlados para aeronaves civis nas \u00e1reas sobrepostas aos setores de atua\u00e7\u00e3o.<\/p>\n<p>Apesar de a comunidade se localizar pr\u00f3ximo do Aeroporto Internacional Tom Jobim\/Gale\u00e3o, o controle do espa\u00e7o a\u00e9reo n\u00e3o est\u00e1 interferindo nas voos regulares.<\/p>\n<p>Ainda de acordo com o Estado-Maior Conjunto, as a\u00e7\u00f5es est\u00e3o sendo coordenadas com a Secretaria Estadual de Seguran\u00e7a.<\/p>\n<p>Fonte: Ag\u00eancia Brasil<\/p>\n","protected":false},"excerpt":{"rendered":"<p>Cerca de 800 homens do Ex\u00e9rcito fazem nesta quarta-feira, 13, uma a\u00e7\u00e3o na favela Nova Holanda, no Complexo da Mar\u00e9, na zona norte do Rio de Janeiro. De acordo com o Estado-Maior Conjunto das Opera\u00e7\u00f5es em Apoio ao Plano Nacional de Seguran\u00e7a P\u00fablica, o objetivo \u00e9 cumprir mandados judiciais de um Inqu\u00e9rito Policial Militar (IPM). [&hellip;]<\/p>\n","protected":false},"author":96,"featured_media":87371,"comment_status":"closed","ping_status":"closed","sticky":false,"template":"","format":"standard","meta":{"footnotes":""},"categories":[302],"tags":[],"class_list":["post-87372","post","type-post","status-publish","format-standard","has-post-thumbnail","hentry","category-brasil-mundo"],"_links":{"self":[{"href":"https:\/\/diarioregionaldigital.com.br\/index.php?rest_route=\/wp\/v2\/posts\/87372","targetHints":{"allow":["GET"]}}],"collection":[{"href":"https:\/\/diarioregionaldigital.com.br\/index.php?rest_route=\/wp\/v2\/posts"}],"about":[{"href":"https:\/\/diarioregionaldigital.com.br\/index.php?rest_route=\/wp\/v2\/types\/post"}],"author":[{"embeddable":true,"href":"https:\/\/diarioregionaldigital.com.br\/index.php?rest_route=\/wp\/v2\/users\/96"}],"replies":[{"embeddable":true,"href":"https:\/\/diarioregionaldigital.com.br\/index.php?rest_route=%2Fwp%2Fv2%2Fcomments&post=87372"}],"version-history":[{"count":0,"href":"https:\/\/diarioregionaldigital.com.br\/index.php?rest_route=\/wp\/v2\/posts\/87372\/revisions"}],"wp:featuredmedia":[{"embeddable":true,"href":"https:\/\/diarioregionaldigital.com.br\/index.php?rest_route=\/wp\/v2\/media\/87371"}],"wp:attachment":[{"href":"https:\/\/diarioregionaldigital.com.br\/index.php?rest_route=%2Fwp%2Fv2%2Fmedia&parent=87372"}],"wp:term":[{"taxonomy":"category","embeddable":true,"href":"https:\/\/diarioregionaldigital.com.br\/index.php?rest_route=%2Fwp%2Fv2%2Fcategories&post=87372"},{"taxonomy":"post_tag","embeddable":true,"href":"https:\/\/diarioregionaldigital.com.br\/index.php?rest_route=%2Fwp%2Fv2%2Ftags&post=87372"}],"curies":[{"name":"wp","href":"https:\/\/api.w.org\/{rel}","templated":true}]}}