{"id":87370,"date":"2017-12-13T18:26:32","date_gmt":"2017-12-13T20:26:32","guid":{"rendered":"http:\/\/diarioregionaljf.com.br\/2017\/12\/13\/acordo-mercosul-uniao-europeia-avanca-mas-fica-agora-para-2018\/"},"modified":"2017-12-13T18:26:32","modified_gmt":"2017-12-13T20:26:32","slug":"acordo-mercosul-uniao-europeia-avanca-mas-fica-agora-para-2018","status":"publish","type":"post","link":"https:\/\/diarioregionaldigital.com.br\/?p=87370","title":{"rendered":"Acordo Mercosul-Uni\u00e3o Europeia avan\u00e7a, mas fica agora para 2018"},"content":{"rendered":"<p>A assinatura do acordo entre a Uni\u00e3o Europeia (UE) e o Mercado Comum do Sul (Mercosul), que vem sendo negociado h\u00e1 quase 20 anos, foi adiada, nessa ter\u00e7a-feira, 12, para o in\u00edcio do pr\u00f3ximo ano. At\u00e9 essa segunda-feira, 11, a ideia dos dois blocos era anunciar o acordo em Buenos Aires, no encerramento da 11\u00aa Conferencia Ministerial da Organiza\u00e7\u00e3o Mundial do Com\u00e9rcio (OMC), nesta quarta-feira, 13, ou, no mais tardar, no dia 21 deste m\u00eas, em Bras\u00edlia.<\/p>\n<p>O objetivo, segundo os negociadores, era dar uma sinaliza\u00e7\u00e3o aos 164 pa\u00edses-membros da OMC de que os dois blocos regionais est\u00e3o comprometidos com a liberaliza\u00e7\u00e3o do com\u00e9rcio, em um momento de ressurgimento do protecionismo em todo o mundo.<\/p>\n<p>Na segunda, os ministros das Rela\u00e7\u00f5es Exteriores da Argentina, Jorge Faurie, e do Brasil, Aloysio Nunes, afirmaram que tudo estava sendo feito para fechar \u201co mais rapidamente poss\u00edvel\u201d o acordo politico \u2013 primeiro passo para a implementa\u00e7\u00e3o de medidas, reduzindo as barreiras comerciais entre os 28 pa\u00edses da UE e os quatro do Mercosul, que tem como membros efetivos a Argentina, o Brasil, o Paraguai e o Uruguai, com a Venezuela suspensa desde 2012 por quest\u00f5es pol\u00edticas. J\u00e1 os membros associados do Mercosul s\u00e3o a Bol\u00edvia, Chile, Peru, Col\u00f4mbia, Equador, Guiana e Suriname, que poder\u00e3o futuramente aderir ou n\u00e3o ao bloco.<\/p>\n<p>&nbsp;<\/p>\n<h4>RESPOSTA EUROPEIA<\/h4>\n<p>Os blocos europeu e sul-americano j\u00e1 haviam colocado as suas ofertas na mesa. Na reuni\u00e3o dessa ter\u00e7a-feira, o Mercosul deu mais um passo, ao mostrar \u00e0 UE at\u00e9 onde poderia chegar, se o outro lado fizesse determinadas concess\u00f5es. Apesar de a proposta ter sido bem acolhida, os negociadores europeus disseram que ainda n\u00e3o estavam prontos para dar uma resposta porque precisam de tempo para convencer o setor agr\u00edcola \u2013 que tem um peso politico importante na Europa e resiste a qualquer abertura de seu mercado para produtos externos.<\/p>\n<p>Segundo fontes pr\u00f3ximas aos negociadores, a assinatura do acordo deve ocorrer no in\u00edcio de 2018, mas n\u00e3o h\u00e1 data marcada. A diferen\u00e7a agora, explicam, \u00e9 que os dois lados realmente querem liberalizar o com\u00e9rcio entre os blocos. De acordo com essas fontes, as negocia\u00e7\u00f5es entre o Mercosul e a Uni\u00e3o Europeia foram lan\u00e7adas nos anos 1990 como alternativa \u00e0 Alca, um projeto dos Estados Unidos de integrar as economias das Am\u00e9ricas que fracassou. Quando a Alca deixou de existir, as negocia\u00e7\u00f5es entre a UE e o Mercosul foram paralisadas e s\u00f3 foram retomadas em 2010.<\/p>\n<p>O acordo entre o Mercosul e a UE afetaria 90% do com\u00e9rcio entre os dois blocos. Essa etapa final das negocia\u00e7\u00f5es coincide com uma mudan\u00e7a na politica dos Estados Unidos. Desde a sua posse, ha quase um ano, o presidente Donald Trump tem deixado claro que prefere negocia\u00e7\u00f5es bilaterais \u00e0s multilaterais, e que sua prioridade \u00e9 defender os interesses norte-americanos.<\/p>\n<p>Fonte: Ag\u00eancia Brasil<\/p>\n","protected":false},"excerpt":{"rendered":"<p>A assinatura do acordo entre a Uni\u00e3o Europeia (UE) e o Mercado Comum do Sul (Mercosul), que vem sendo negociado h\u00e1 quase 20 anos, foi adiada, nessa ter\u00e7a-feira, 12, para o in\u00edcio do pr\u00f3ximo ano. At\u00e9 essa segunda-feira, 11, a ideia dos dois blocos era anunciar o acordo em Buenos Aires, no encerramento da 11\u00aa [&hellip;]<\/p>\n","protected":false},"author":96,"featured_media":87369,"comment_status":"closed","ping_status":"closed","sticky":false,"template":"","format":"standard","meta":{"footnotes":""},"categories":[302],"tags":[],"class_list":["post-87370","post","type-post","status-publish","format-standard","has-post-thumbnail","hentry","category-brasil-mundo"],"_links":{"self":[{"href":"https:\/\/diarioregionaldigital.com.br\/index.php?rest_route=\/wp\/v2\/posts\/87370","targetHints":{"allow":["GET"]}}],"collection":[{"href":"https:\/\/diarioregionaldigital.com.br\/index.php?rest_route=\/wp\/v2\/posts"}],"about":[{"href":"https:\/\/diarioregionaldigital.com.br\/index.php?rest_route=\/wp\/v2\/types\/post"}],"author":[{"embeddable":true,"href":"https:\/\/diarioregionaldigital.com.br\/index.php?rest_route=\/wp\/v2\/users\/96"}],"replies":[{"embeddable":true,"href":"https:\/\/diarioregionaldigital.com.br\/index.php?rest_route=%2Fwp%2Fv2%2Fcomments&post=87370"}],"version-history":[{"count":0,"href":"https:\/\/diarioregionaldigital.com.br\/index.php?rest_route=\/wp\/v2\/posts\/87370\/revisions"}],"wp:featuredmedia":[{"embeddable":true,"href":"https:\/\/diarioregionaldigital.com.br\/index.php?rest_route=\/wp\/v2\/media\/87369"}],"wp:attachment":[{"href":"https:\/\/diarioregionaldigital.com.br\/index.php?rest_route=%2Fwp%2Fv2%2Fmedia&parent=87370"}],"wp:term":[{"taxonomy":"category","embeddable":true,"href":"https:\/\/diarioregionaldigital.com.br\/index.php?rest_route=%2Fwp%2Fv2%2Fcategories&post=87370"},{"taxonomy":"post_tag","embeddable":true,"href":"https:\/\/diarioregionaldigital.com.br\/index.php?rest_route=%2Fwp%2Fv2%2Ftags&post=87370"}],"curies":[{"name":"wp","href":"https:\/\/api.w.org\/{rel}","templated":true}]}}