{"id":87368,"date":"2017-12-13T18:16:40","date_gmt":"2017-12-13T20:16:40","guid":{"rendered":"http:\/\/diarioregionaljf.com.br\/2017\/12\/13\/pjf-abre-inscricoes-para-contratacao-temporaria-de-medicos-2\/"},"modified":"2017-12-13T18:16:40","modified_gmt":"2017-12-13T20:16:40","slug":"pjf-abre-inscricoes-para-contratacao-temporaria-de-medicos-2","status":"publish","type":"post","link":"https:\/\/diarioregionaldigital.com.br\/?p=87368","title":{"rendered":"PJF abre inscri\u00e7\u00f5es para contrata\u00e7\u00e3o tempor\u00e1ria de m\u00e9dicos"},"content":{"rendered":"<p>A Prefeitura de Juiz de Fora (PJF), atrav\u00e9s da Secretaria de Administra\u00e7\u00e3o e Recursos Humanos (SARH), abriu inscri\u00e7\u00f5es ao processo seletivo para contrata\u00e7\u00e3o tempor\u00e1ria de m\u00e9dico I, com atua\u00e7\u00e3o cl\u00ednica nas \u00e1reas de psiquiatria e traumatologia (<a href=\"https:\/\/www.pjf.mg.gov.br\/e_atos\/e_atos_vis.php?id=57797\" target=\"_blank\" rel=\"noopener noreferrer\">Edital n\u00ba 345-SARH<\/a>). Os interessados devem realizar suas inscri\u00e7\u00f5es exclusivamente pela internet, atrav\u00e9s do site oficial da <a href=\"https:\/\/www.pjf.mg.gov.br\/\" target=\"_blank\" rel=\"noopener noreferrer\">PJF<\/a>, das 8h \u00e0s 18h, at\u00e9 dia 20. Para participar \u00e9 necess\u00e1rio curso superior completo em medicina e registro no conselho regional. A jornada semanal e a remunera\u00e7\u00e3o mensal podem variar, conforme lota\u00e7\u00e3o e forma de presta\u00e7\u00e3o de trabalho.<\/p>\n<p>Os t\u00edtulos para valida\u00e7\u00e3o das informa\u00e7\u00f5es prestadas na inscri\u00e7\u00e3o dever\u00e3o ser entregues no dia 22 ou 26, na SARH, Av. Brasil, n\u00ba2.001, 8\u00ba andar, das 8h30 \u00e0s 11h30 ou das 14h30 \u00e0s 17h30. A documenta\u00e7\u00e3o, junto \u00e0 c\u00f3pia da carteira de identidade, dever\u00e1 ser entregue pessoalmente ou por terceiros, em envelope lacrado e devidamente identificado, com nome completo do candidato, cargo e n\u00famero de inscri\u00e7\u00e3o. Junto ao envelope dever\u00e1 estar o comprovante de inscri\u00e7\u00e3o, que servir\u00e1 de recibo para o candidato. As informa\u00e7\u00f5es e o link para inscri\u00e7\u00e3o podem ser acessados <a href=\"https:\/\/www.pjf.mg.gov.br\/secretarias\/sarh\/edital\/temporario\/345\/index.php\" target=\"_blank\" rel=\"noopener noreferrer\">aqui<\/a>.<\/p>\n<p>&nbsp;<\/p>\n<p>Fonte: Assessoria<\/p>\n","protected":false},"excerpt":{"rendered":"<p>A Prefeitura de Juiz de Fora (PJF), atrav\u00e9s da Secretaria de Administra\u00e7\u00e3o e Recursos Humanos (SARH), abriu inscri\u00e7\u00f5es ao processo seletivo para contrata\u00e7\u00e3o tempor\u00e1ria de m\u00e9dico I, com atua\u00e7\u00e3o cl\u00ednica nas \u00e1reas de psiquiatria e traumatologia (Edital n\u00ba 345-SARH). Os interessados devem realizar suas inscri\u00e7\u00f5es exclusivamente pela internet, atrav\u00e9s do site oficial da PJF, das [&hellip;]<\/p>\n","protected":false},"author":96,"featured_media":87367,"comment_status":"closed","ping_status":"closed","sticky":false,"template":"","format":"standard","meta":{"footnotes":""},"categories":[280],"tags":[],"class_list":["post-87368","post","type-post","status-publish","format-standard","has-post-thumbnail","hentry","category-concurso"],"_links":{"self":[{"href":"https:\/\/diarioregionaldigital.com.br\/index.php?rest_route=\/wp\/v2\/posts\/87368","targetHints":{"allow":["GET"]}}],"collection":[{"href":"https:\/\/diarioregionaldigital.com.br\/index.php?rest_route=\/wp\/v2\/posts"}],"about":[{"href":"https:\/\/diarioregionaldigital.com.br\/index.php?rest_route=\/wp\/v2\/types\/post"}],"author":[{"embeddable":true,"href":"https:\/\/diarioregionaldigital.com.br\/index.php?rest_route=\/wp\/v2\/users\/96"}],"replies":[{"embeddable":true,"href":"https:\/\/diarioregionaldigital.com.br\/index.php?rest_route=%2Fwp%2Fv2%2Fcomments&post=87368"}],"version-history":[{"count":0,"href":"https:\/\/diarioregionaldigital.com.br\/index.php?rest_route=\/wp\/v2\/posts\/87368\/revisions"}],"wp:featuredmedia":[{"embeddable":true,"href":"https:\/\/diarioregionaldigital.com.br\/index.php?rest_route=\/wp\/v2\/media\/87367"}],"wp:attachment":[{"href":"https:\/\/diarioregionaldigital.com.br\/index.php?rest_route=%2Fwp%2Fv2%2Fmedia&parent=87368"}],"wp:term":[{"taxonomy":"category","embeddable":true,"href":"https:\/\/diarioregionaldigital.com.br\/index.php?rest_route=%2Fwp%2Fv2%2Fcategories&post=87368"},{"taxonomy":"post_tag","embeddable":true,"href":"https:\/\/diarioregionaldigital.com.br\/index.php?rest_route=%2Fwp%2Fv2%2Ftags&post=87368"}],"curies":[{"name":"wp","href":"https:\/\/api.w.org\/{rel}","templated":true}]}}