{"id":87364,"date":"2017-12-13T18:12:38","date_gmt":"2017-12-13T20:12:38","guid":{"rendered":"http:\/\/diarioregionaljf.com.br\/2017\/12\/13\/onu-pede-mais-ambicao-de-governos-e-sociedade-para-combate-a-mudanca-climatica\/"},"modified":"2017-12-13T18:12:38","modified_gmt":"2017-12-13T20:12:38","slug":"onu-pede-mais-ambicao-de-governos-e-sociedade-para-combate-a-mudanca-climatica","status":"publish","type":"post","link":"https:\/\/diarioregionaldigital.com.br\/?p=87364","title":{"rendered":"ONU pede mais ambi\u00e7\u00e3o de governos e sociedade para combate \u00e0 mudan\u00e7a clim\u00e1tica"},"content":{"rendered":"<p>\u201cAinda n\u00e3o estamos ganhando a guerra contra a mudan\u00e7a clim\u00e1tica, porque os compromissos atuais n\u00e3o s\u00e3o suficientes para cumprir com as metas do Acordo de Paris\u201d. A afirma\u00e7\u00e3o \u00e9 do secret\u00e1rio-geral da ONU, Ant\u00f3nio Guterres, que participou nessa ter\u00e7a-feira, 12, da confer\u00eancia One Planet (Um S\u00f3 Planeta), em Paris. A informa\u00e7\u00e3o \u00e9 da ONU News.<\/p>\n<p>Ele pediu mais ambi\u00e7\u00e3o dos governos, da sociedade civil, do setor privado e do setor financeiro para o combate \u00e0s mudan\u00e7as clim\u00e1ticas. E fez um apelo aos pa\u00edses mais ricos, para que honrem os compromissos do tratado do clima e ajudem a angariar US$100 bilh\u00f5es por ano para que as na\u00e7\u00f5es em desenvolvimento consigam se adaptar \u00e0s mudan\u00e7as clim\u00e1ticas.<\/p>\n<p>O chefe da ONU lembrou que o Acordo de Paris criou a base para uma &#8220;a\u00e7\u00e3o ambiciosa&#8221;, mas todos os dias, em todas as regi\u00f5es, ocorrem desastres relacionados ao clima, como &#8220;tempestades, enchentes, secas e inc\u00eandios&#8221;. Segundo Guterres, o n\u00edvel na atmosfera de di\u00f3xido de carbono \u00e9 o mais alto j\u00e1 alcan\u00e7ado em 800 mil anos. E neste ano de 2017 houve o primeiro aumento das emiss\u00f5es de CO2 dos \u00faltimos tr\u00eas anos.<\/p>\n<p>O secret\u00e1rio-geral afirmou ainda que os \u00faltimos cinco anos foram os mais quentes j\u00e1 registrados.&nbsp;Por esses motivos, o mundo est\u00e1, segundo ele, em &#8220;uma guerra pela exist\u00eancia da vida no planeta, mas existem aliados importantes \u2013 a ci\u00eancia e a tecnologia&#8221;.<\/p>\n<p>&nbsp;<\/p>\n<h4>\u201cNEG\u00d3CIOS VERDES S\u00c3O NEG\u00d3CIOS BONS\u201d<\/h4>\n<p>Guterres explicou que a ci\u00eancia j\u00e1 havia previsto o que est\u00e1 acontecendo agora e que o progresso tecnol\u00f3gico j\u00e1 provou ser falsa a afirma\u00e7\u00e3o de que combater a mudan\u00e7a clim\u00e1tica \u00e9 uma amea\u00e7a \u00e0 economia.<\/p>\n<p>Ele falou sobre a\u00e7\u00f5es que j\u00e1 est\u00e3o sendo tomadas por agentes financeiros globais e empresas privadas, como companhias de petr\u00f3leo e de g\u00e1s, para melhorar a situa\u00e7\u00e3o. Na avalia\u00e7\u00e3o do secret\u00e1rio-geral, &#8220;neg\u00f3cios verdes s\u00e3o bons neg\u00f3cios&#8221; e por isso, \u201co futuro ser\u00e1 cinza para quem n\u00e3o apostar na economia verde\u201d.<\/p>\n<p>Guterres lembrou que essa \u00e9 uma responsabilidade coletiva, sendo o setor privado parte central da solu\u00e7\u00e3o. A confer\u00eancia One Planet, que teve como anfitri\u00e3o-maior o presidente franc\u00eas Emmanuel Macron, marcou os dois anos da assinatura do Acordo de Paris e reuniu, na capital francesa, l\u00edderes de v\u00e1rios pa\u00edses e dos setores financeiros p\u00fablicos e privados.<\/p>\n<p>Fonte: Ag\u00eancia Brasil<\/p>\n","protected":false},"excerpt":{"rendered":"<p>\u201cAinda n\u00e3o estamos ganhando a guerra contra a mudan\u00e7a clim\u00e1tica, porque os compromissos atuais n\u00e3o s\u00e3o suficientes para cumprir com as metas do Acordo de Paris\u201d. A afirma\u00e7\u00e3o \u00e9 do secret\u00e1rio-geral da ONU, Ant\u00f3nio Guterres, que participou nessa ter\u00e7a-feira, 12, da confer\u00eancia One Planet (Um S\u00f3 Planeta), em Paris. A informa\u00e7\u00e3o \u00e9 da ONU News. [&hellip;]<\/p>\n","protected":false},"author":96,"featured_media":87363,"comment_status":"closed","ping_status":"closed","sticky":false,"template":"","format":"standard","meta":{"footnotes":""},"categories":[302],"tags":[],"class_list":["post-87364","post","type-post","status-publish","format-standard","has-post-thumbnail","hentry","category-brasil-mundo"],"_links":{"self":[{"href":"https:\/\/diarioregionaldigital.com.br\/index.php?rest_route=\/wp\/v2\/posts\/87364","targetHints":{"allow":["GET"]}}],"collection":[{"href":"https:\/\/diarioregionaldigital.com.br\/index.php?rest_route=\/wp\/v2\/posts"}],"about":[{"href":"https:\/\/diarioregionaldigital.com.br\/index.php?rest_route=\/wp\/v2\/types\/post"}],"author":[{"embeddable":true,"href":"https:\/\/diarioregionaldigital.com.br\/index.php?rest_route=\/wp\/v2\/users\/96"}],"replies":[{"embeddable":true,"href":"https:\/\/diarioregionaldigital.com.br\/index.php?rest_route=%2Fwp%2Fv2%2Fcomments&post=87364"}],"version-history":[{"count":0,"href":"https:\/\/diarioregionaldigital.com.br\/index.php?rest_route=\/wp\/v2\/posts\/87364\/revisions"}],"wp:featuredmedia":[{"embeddable":true,"href":"https:\/\/diarioregionaldigital.com.br\/index.php?rest_route=\/wp\/v2\/media\/87363"}],"wp:attachment":[{"href":"https:\/\/diarioregionaldigital.com.br\/index.php?rest_route=%2Fwp%2Fv2%2Fmedia&parent=87364"}],"wp:term":[{"taxonomy":"category","embeddable":true,"href":"https:\/\/diarioregionaldigital.com.br\/index.php?rest_route=%2Fwp%2Fv2%2Fcategories&post=87364"},{"taxonomy":"post_tag","embeddable":true,"href":"https:\/\/diarioregionaldigital.com.br\/index.php?rest_route=%2Fwp%2Fv2%2Ftags&post=87364"}],"curies":[{"name":"wp","href":"https:\/\/api.w.org\/{rel}","templated":true}]}}