{"id":87362,"date":"2017-12-13T18:06:54","date_gmt":"2017-12-13T20:06:54","guid":{"rendered":"http:\/\/diarioregionaljf.com.br\/2017\/12\/13\/policia-civil-inicia-acoes-para-reprimir-crimes-contra-o-patrimonio-em-jf\/"},"modified":"2017-12-13T18:06:54","modified_gmt":"2017-12-13T20:06:54","slug":"policia-civil-inicia-acoes-para-reprimir-crimes-contra-o-patrimonio-em-jf","status":"publish","type":"post","link":"https:\/\/diarioregionaldigital.com.br\/?p=87362","title":{"rendered":"Pol\u00edcia Civil inicia a\u00e7\u00f5es para reprimir crimes contra o patrim\u00f4nio em JF"},"content":{"rendered":"<p>Na pr\u00f3xima semana, a Pol\u00edcia Civil de Minas Gerais inicia a\u00e7\u00f5es pontuais na \u00e1rea central de Juiz de Fora com o objetivo de reprimir crimes contra o patrim\u00f4nio envolvendo pessoas e estabelecimentos.<\/p>\n<p>Policiais civis da 7\u00aa Delegacia, unidade respons\u00e1vel pela \u00e1rea, estar\u00e3o atuando no local, a partir de segunda-feira, 18, considerando o aumento do n\u00famero de consumidores em compras para festas de final de ano.<\/p>\n<p>A Pol\u00edcia Civil orienta as pessoas a redobrarem a aten\u00e7\u00e3o quando estiverem em pontos de \u00f4nibus e sa\u00edda de ag\u00eancias e\/ou caixas eletr\u00f4nicos, j\u00e1 que esses locais atraem a presen\u00e7a de criminosos. Para os comerciantes, a orienta\u00e7\u00e3o \u00e9 ter cuidado e se atentar para vigil\u00e2ncia no momento do fechamento dos estabelecimentos.<\/p>\n<p>&nbsp;<\/p>\n<p>Fonte: Assessoria<\/p>\n","protected":false},"excerpt":{"rendered":"<p>Na pr\u00f3xima semana, a Pol\u00edcia Civil de Minas Gerais inicia a\u00e7\u00f5es pontuais na \u00e1rea central de Juiz de Fora com o objetivo de reprimir crimes contra o patrim\u00f4nio envolvendo pessoas e estabelecimentos. Policiais civis da 7\u00aa Delegacia, unidade respons\u00e1vel pela \u00e1rea, estar\u00e3o atuando no local, a partir de segunda-feira, 18, considerando o aumento do n\u00famero [&hellip;]<\/p>\n","protected":false},"author":96,"featured_media":87361,"comment_status":"closed","ping_status":"closed","sticky":false,"template":"","format":"standard","meta":{"footnotes":""},"categories":[253],"tags":[],"class_list":["post-87362","post","type-post","status-publish","format-standard","has-post-thumbnail","hentry","category-cidade"],"_links":{"self":[{"href":"https:\/\/diarioregionaldigital.com.br\/index.php?rest_route=\/wp\/v2\/posts\/87362","targetHints":{"allow":["GET"]}}],"collection":[{"href":"https:\/\/diarioregionaldigital.com.br\/index.php?rest_route=\/wp\/v2\/posts"}],"about":[{"href":"https:\/\/diarioregionaldigital.com.br\/index.php?rest_route=\/wp\/v2\/types\/post"}],"author":[{"embeddable":true,"href":"https:\/\/diarioregionaldigital.com.br\/index.php?rest_route=\/wp\/v2\/users\/96"}],"replies":[{"embeddable":true,"href":"https:\/\/diarioregionaldigital.com.br\/index.php?rest_route=%2Fwp%2Fv2%2Fcomments&post=87362"}],"version-history":[{"count":0,"href":"https:\/\/diarioregionaldigital.com.br\/index.php?rest_route=\/wp\/v2\/posts\/87362\/revisions"}],"wp:featuredmedia":[{"embeddable":true,"href":"https:\/\/diarioregionaldigital.com.br\/index.php?rest_route=\/wp\/v2\/media\/87361"}],"wp:attachment":[{"href":"https:\/\/diarioregionaldigital.com.br\/index.php?rest_route=%2Fwp%2Fv2%2Fmedia&parent=87362"}],"wp:term":[{"taxonomy":"category","embeddable":true,"href":"https:\/\/diarioregionaldigital.com.br\/index.php?rest_route=%2Fwp%2Fv2%2Fcategories&post=87362"},{"taxonomy":"post_tag","embeddable":true,"href":"https:\/\/diarioregionaldigital.com.br\/index.php?rest_route=%2Fwp%2Fv2%2Ftags&post=87362"}],"curies":[{"name":"wp","href":"https:\/\/api.w.org\/{rel}","templated":true}]}}