{"id":87360,"date":"2017-12-13T17:58:39","date_gmt":"2017-12-13T19:58:39","guid":{"rendered":"http:\/\/diarioregionaljf.com.br\/2017\/12\/13\/mrs-prorroga-prazo-de-inscricoes-do-programa-de-estagio-para-localidades-especificas\/"},"modified":"2017-12-13T17:58:39","modified_gmt":"2017-12-13T19:58:39","slug":"mrs-prorroga-prazo-de-inscricoes-do-programa-de-estagio-para-localidades-especificas","status":"publish","type":"post","link":"https:\/\/diarioregionaldigital.com.br\/?p=87360","title":{"rendered":"MRS prorroga prazo de inscri\u00e7\u00f5es do Programa de Est\u00e1gio para localidades espec\u00edficas"},"content":{"rendered":"<p>Foram prorrogadas as inscri\u00e7\u00f5es para o Programa de Est\u00e1gio da MRS 2018\/2019. Mas fique atento! O prazo foi estendido apenas para as seguintes localidades: Juiz de Fora, S\u00e3o Paulo, Rio de Janeiro e Itagua\u00ed\/Brisamar. Os candidatos dessas regi\u00f5es podem fazer as suas inscri\u00e7\u00f5es at\u00e9 o dia 22 de dezembro de 2017 atrav\u00e9s deste <a href=\"http:\/\/gruposelpe.com.br\/mrs2018\/inscreva.php\" target=\"_blank\" rel=\"noopener noreferrer\">link<\/a>.<\/p>\n<p>O Programa de Est\u00e1gio tem dura\u00e7\u00e3o de at\u00e9 24 meses e contempla vagas nas diferentes \u00e1reas e localidades da empresa. Ao longo deste per\u00edodo, o estagi\u00e1rio participar\u00e1 de atividades e desafios da \u00e1rea que for alocado e ser\u00e1 acompanhado por profissionais j\u00e1 estabelecidos no mercado, que estimular\u00e3o o crescimento e desenvolvimento do estagi\u00e1rio na empresa.<\/p>\n<p>O estagi\u00e1rio poder\u00e1 optar em conduzir um projeto aplicativo alinhado ao seu setor e forma\u00e7\u00e3o acad\u00eamica. Al\u00e9m disso, existe um processo de avalia\u00e7\u00e3o de desempenho semestral do estagi\u00e1rio dentro do programa.<\/p>\n<p>Ap\u00f3s a entrada no Programa de Est\u00e1gio, e a viv\u00eancia nas respectivas \u00e1reas, o estagi\u00e1rio poder\u00e1 se inscrever no Programa de Trainee MRS, que acontecer\u00e1 em julho de 2019 e \u00e9 destinado, exclusivamente, aos estagi\u00e1rios.<\/p>\n<p>O Programa de Estagio da MRS \u00e9 destinado a jovens profissionais que queiram vivenciar o dia a dia da sua profiss\u00e3o por meio de experi\u00eancias pr\u00e1ticas al\u00e9m de treinar os futuros Trainees da empresa.<\/p>\n<p>A MRS valoriza a inclus\u00e3o de profissionais com defici\u00eancia e entende que o Programa de Est\u00e1gio \u00e9 uma excelente oportunidade para a inser\u00e7\u00e3o desses profissionais no ambiente organizacional.<\/p>\n<p>&nbsp;<\/p>\n<p>Fonte: Assessoria<\/p>\n","protected":false},"excerpt":{"rendered":"<p>Foram prorrogadas as inscri\u00e7\u00f5es para o Programa de Est\u00e1gio da MRS 2018\/2019. Mas fique atento! O prazo foi estendido apenas para as seguintes localidades: Juiz de Fora, S\u00e3o Paulo, Rio de Janeiro e Itagua\u00ed\/Brisamar. Os candidatos dessas regi\u00f5es podem fazer as suas inscri\u00e7\u00f5es at\u00e9 o dia 22 de dezembro de 2017 atrav\u00e9s deste link. O [&hellip;]<\/p>\n","protected":false},"author":96,"featured_media":87359,"comment_status":"closed","ping_status":"closed","sticky":false,"template":"","format":"standard","meta":{"footnotes":""},"categories":[280],"tags":[],"class_list":["post-87360","post","type-post","status-publish","format-standard","has-post-thumbnail","hentry","category-concurso"],"_links":{"self":[{"href":"https:\/\/diarioregionaldigital.com.br\/index.php?rest_route=\/wp\/v2\/posts\/87360","targetHints":{"allow":["GET"]}}],"collection":[{"href":"https:\/\/diarioregionaldigital.com.br\/index.php?rest_route=\/wp\/v2\/posts"}],"about":[{"href":"https:\/\/diarioregionaldigital.com.br\/index.php?rest_route=\/wp\/v2\/types\/post"}],"author":[{"embeddable":true,"href":"https:\/\/diarioregionaldigital.com.br\/index.php?rest_route=\/wp\/v2\/users\/96"}],"replies":[{"embeddable":true,"href":"https:\/\/diarioregionaldigital.com.br\/index.php?rest_route=%2Fwp%2Fv2%2Fcomments&post=87360"}],"version-history":[{"count":0,"href":"https:\/\/diarioregionaldigital.com.br\/index.php?rest_route=\/wp\/v2\/posts\/87360\/revisions"}],"wp:featuredmedia":[{"embeddable":true,"href":"https:\/\/diarioregionaldigital.com.br\/index.php?rest_route=\/wp\/v2\/media\/87359"}],"wp:attachment":[{"href":"https:\/\/diarioregionaldigital.com.br\/index.php?rest_route=%2Fwp%2Fv2%2Fmedia&parent=87360"}],"wp:term":[{"taxonomy":"category","embeddable":true,"href":"https:\/\/diarioregionaldigital.com.br\/index.php?rest_route=%2Fwp%2Fv2%2Fcategories&post=87360"},{"taxonomy":"post_tag","embeddable":true,"href":"https:\/\/diarioregionaldigital.com.br\/index.php?rest_route=%2Fwp%2Fv2%2Ftags&post=87360"}],"curies":[{"name":"wp","href":"https:\/\/api.w.org\/{rel}","templated":true}]}}