{"id":87358,"date":"2017-12-13T17:48:00","date_gmt":"2017-12-13T19:48:00","guid":{"rendered":"http:\/\/diarioregionaljf.com.br\/2017\/12\/13\/operacao-investiga-esquema-de-falsificacao-e-comercio-irregular-de-cigarros-em-minas-gerais\/"},"modified":"2017-12-13T17:48:00","modified_gmt":"2017-12-13T19:48:00","slug":"operacao-investiga-esquema-de-falsificacao-e-comercio-irregular-de-cigarros-em-minas-gerais","status":"publish","type":"post","link":"https:\/\/diarioregionaldigital.com.br\/?p=87358","title":{"rendered":"Opera\u00e7\u00e3o investiga esquema de falsifica\u00e7\u00e3o e com\u00e9rcio irregular de cigarros em Minas Gerais"},"content":{"rendered":"<p>ATUALIZADA \u00c0S 17H40, EM 13\/12\/2017<\/p>\n<p>A for\u00e7a-tarefa criada no \u00e2mbito do Comit\u00ea Interinstitucional de Recupera\u00e7\u00e3o de Ativos (Cira) &#8211; composta pelo Minist\u00e9rio P\u00fablico de Minas Gerais (MPMG), Secretaria de Estado de Fazenda (SEF), Advocacia-Geral do Estado (AGE) e Pol\u00edcia Civil &#8211; em parceria com a Receita Federal do Brasil, realizou na manh\u00e3 desta quarta-feira, 13, a opera\u00e7\u00e3o Cortina de Fuma\u00e7a, que visa desmantelar um esquema de fabrica\u00e7\u00e3o clandestina e comercializa\u00e7\u00e3o ilegal de cigarros, comandado por uma ind\u00fastria sediada na Zona da Mata mineira.<\/p>\n<p>Segundo as investiga\u00e7\u00f5es, mesmo estando com o seu registro de fabrica\u00e7\u00e3o suspenso pela Receita Federal desde 2013, a empresa continuava a produzir cigarros das marcas Mixx e Real Gold. Para n\u00e3o levantar suspeitas, adquiria a mat\u00e9ria-prima usada na fabrica\u00e7\u00e3o do filtro &#8211; triacetina e cabo acetato &#8211; em nome de outras empresas de fachada pertencentes ao grupo, supostamente localizadas no mesmo endere\u00e7o onde funcionava a ind\u00fastria, na cidade de Visconde do Rio Branco.<\/p>\n<p>Durante a opera\u00e7\u00e3o, foram apreendidas, na sede da empresa, 20 toneladas de fumo sem nota fiscal que seriam utilizadas para a produ\u00e7\u00e3o de 1,5 milh\u00e3o de ma\u00e7os de cigarro, al\u00e9m de arquivos eletr\u00f4nicos, pap\u00e9is de cigarro e maquin\u00e1rios. O fumo estava acondicionado em 173 fardos de 120 kg cada um.<\/p>\n<p>Conforme o Cira, em 2016, a Receita Federal identificou e apreendeu caixas de cigarros produzidos pela ind\u00fastria no interior do estado de S\u00e3o Paulo e, recentemente, dilig\u00eancias realizadas pela Pol\u00edcia Civil e Receita Estadual confirmaram a atualidade da fraude, apurando a venda de caixas de cigarros Mixx em pequenos estabelecimentos comerciais no interior de Minais Gerais, principalmente nas cidades de Leopoldina, Ub\u00e1 e S\u00e3o Jo\u00e3o del-Rei.<\/p>\n<p>H\u00e1 tamb\u00e9m fortes ind\u00edcios da falsifica\u00e7\u00e3o de selos de IPI, tendo a Receita Federal, em exame preliminar realizado em ma\u00e7os da marca Mixx, constatado a inautenticidade do material utilizado pelos investigados para substituir o selo original confeccionado pela Casa da Moeda. Al\u00e9m da falsifica\u00e7\u00e3o, foi apurado o uso de selos sem validade, estocados pela ind\u00fastria ap\u00f3s ter suspensa sua autoriza\u00e7\u00e3o para funcionar.<\/p>\n<p>Durante a a\u00e7\u00e3o, foram cumpridos 12 mandados de busca e apreens\u00e3o em empresas e resid\u00eancias, sendo dez na comarca de Visconde de Rio Branco, um em Piranga e outro em Coimbra.<\/p>\n<p>Estimativas das Receitas Federal e Estadual apontam um preju\u00edzo superior a R$ 75 milh\u00f5es com a falta de pagamento de tributos.<\/p>\n<p>As pessoas envolvidas no esquema poder\u00e3o responder na Justi\u00e7a pelos crimes de falsifica\u00e7\u00e3o de selos de Imposto sobre Produtos Industrializados (IPI), organiza\u00e7\u00e3o criminosa, lavagem de dinheiro e venda de subst\u00e2ncia nociva \u00e0 sa\u00fade.<\/p>\n<p>Participaram da opera\u00e7\u00e3o tr\u00eas promotores de Justi\u00e7a, 26 policiais civis, 24 servidores da Fazenda e 16 auditores da Receita Federal.<\/p>\n<p>&nbsp;<\/p>\n<p>Fonte: Assessoria Minist\u00e9rio P\u00fablico<\/p>\n","protected":false},"excerpt":{"rendered":"<p>ATUALIZADA \u00c0S 17H40, EM 13\/12\/2017 A for\u00e7a-tarefa criada no \u00e2mbito do Comit\u00ea Interinstitucional de Recupera\u00e7\u00e3o de Ativos (Cira) &#8211; composta pelo Minist\u00e9rio P\u00fablico de Minas Gerais (MPMG), Secretaria de Estado de Fazenda (SEF), Advocacia-Geral do Estado (AGE) e Pol\u00edcia Civil &#8211; em parceria com a Receita Federal do Brasil, realizou na manh\u00e3 desta quarta-feira, 13, [&hellip;]<\/p>\n","protected":false},"author":96,"featured_media":87357,"comment_status":"closed","ping_status":"closed","sticky":false,"template":"","format":"standard","meta":{"footnotes":""},"categories":[252],"tags":[],"class_list":["post-87358","post","type-post","status-publish","format-standard","has-post-thumbnail","hentry","category-regiao"],"_links":{"self":[{"href":"https:\/\/diarioregionaldigital.com.br\/index.php?rest_route=\/wp\/v2\/posts\/87358","targetHints":{"allow":["GET"]}}],"collection":[{"href":"https:\/\/diarioregionaldigital.com.br\/index.php?rest_route=\/wp\/v2\/posts"}],"about":[{"href":"https:\/\/diarioregionaldigital.com.br\/index.php?rest_route=\/wp\/v2\/types\/post"}],"author":[{"embeddable":true,"href":"https:\/\/diarioregionaldigital.com.br\/index.php?rest_route=\/wp\/v2\/users\/96"}],"replies":[{"embeddable":true,"href":"https:\/\/diarioregionaldigital.com.br\/index.php?rest_route=%2Fwp%2Fv2%2Fcomments&post=87358"}],"version-history":[{"count":0,"href":"https:\/\/diarioregionaldigital.com.br\/index.php?rest_route=\/wp\/v2\/posts\/87358\/revisions"}],"wp:featuredmedia":[{"embeddable":true,"href":"https:\/\/diarioregionaldigital.com.br\/index.php?rest_route=\/wp\/v2\/media\/87357"}],"wp:attachment":[{"href":"https:\/\/diarioregionaldigital.com.br\/index.php?rest_route=%2Fwp%2Fv2%2Fmedia&parent=87358"}],"wp:term":[{"taxonomy":"category","embeddable":true,"href":"https:\/\/diarioregionaldigital.com.br\/index.php?rest_route=%2Fwp%2Fv2%2Fcategories&post=87358"},{"taxonomy":"post_tag","embeddable":true,"href":"https:\/\/diarioregionaldigital.com.br\/index.php?rest_route=%2Fwp%2Fv2%2Ftags&post=87358"}],"curies":[{"name":"wp","href":"https:\/\/api.w.org\/{rel}","templated":true}]}}