{"id":87356,"date":"2017-12-13T17:38:36","date_gmt":"2017-12-13T19:38:36","guid":{"rendered":"http:\/\/diarioregionaljf.com.br\/2017\/12\/13\/governo-de-minas-gerais-se-compromete-a-nao-aumentar-icms-do-diesel-em-2018\/"},"modified":"2017-12-13T17:38:36","modified_gmt":"2017-12-13T19:38:36","slug":"governo-de-minas-gerais-se-compromete-a-nao-aumentar-icms-do-diesel-em-2018","status":"publish","type":"post","link":"https:\/\/diarioregionaldigital.com.br\/?p=87356","title":{"rendered":"Governo de Minas Gerais se compromete a n\u00e3o aumentar ICMS do diesel em 2018"},"content":{"rendered":"<p>Em 2018, a al\u00edquota do ICMS do diesel n\u00e3o sofrer\u00e1 altera\u00e7\u00e3o em Minas Gerais e permanecer\u00e1 em 15%. Este foi o compromisso firmado nesta ter\u00e7a-feira, 12, por representantes do governo estadual durante reuni\u00e3o com a diretoria do Sindicato dos Transportadores de Combust\u00edvel e Derivados do Petr\u00f3leo de Minas Gerais (Sindtanque-MG).<\/p>\n<p>A manuten\u00e7\u00e3o da al\u00edquota atende \u00e0 principal reivindica\u00e7\u00e3o do sindicato que, na semana passada, organizou uma paralisa\u00e7\u00e3o da categoria em protesto contra os pre\u00e7os dos combust\u00edveis. Segundo o sindicato, os custos do \u00f3leo diesel j\u00e1 representam cerca de 50% sobre o valor do frete e o aumento da al\u00edquota inviabilizaria as atividades do segmento.<\/p>\n<p>De acordo com os representantes das Secretarias de Fazenda (SEF), de Planejamento e Gest\u00e3o (Seplag) e de Governo (Segov), apesar da atual dificuldade financeira pela qual passa o estado de Minas Gerais, o governo decidiu manter a al\u00edquota em 15%, abrindo m\u00e3o de um incremento na arrecada\u00e7\u00e3o, diferentemente de outros estados que optaram por aumentar o percentual.<\/p>\n<p>Outras reivindica\u00e7\u00f5es apresentadas pelo sindicato foram a interrup\u00e7\u00e3o dos reajustes nos pre\u00e7os dos combust\u00edveis e a suspens\u00e3o do aumento do PIS\/COFINS. No entanto, como explicaram os representantes do governo estadual, as demandas n\u00e3o podem ser atendidas por se tratarem de assuntos de responsabilidade exclusiva do governo federal.<\/p>\n<p>&nbsp;<\/p>\n<p>Fonte: Ag\u00eancia Minas<\/p>\n<p>&nbsp;<\/p>\n","protected":false},"excerpt":{"rendered":"<p>Em 2018, a al\u00edquota do ICMS do diesel n\u00e3o sofrer\u00e1 altera\u00e7\u00e3o em Minas Gerais e permanecer\u00e1 em 15%. Este foi o compromisso firmado nesta ter\u00e7a-feira, 12, por representantes do governo estadual durante reuni\u00e3o com a diretoria do Sindicato dos Transportadores de Combust\u00edvel e Derivados do Petr\u00f3leo de Minas Gerais (Sindtanque-MG). A manuten\u00e7\u00e3o da al\u00edquota atende [&hellip;]<\/p>\n","protected":false},"author":96,"featured_media":87355,"comment_status":"closed","ping_status":"closed","sticky":false,"template":"","format":"standard","meta":{"footnotes":""},"categories":[252],"tags":[],"class_list":["post-87356","post","type-post","status-publish","format-standard","has-post-thumbnail","hentry","category-regiao"],"_links":{"self":[{"href":"https:\/\/diarioregionaldigital.com.br\/index.php?rest_route=\/wp\/v2\/posts\/87356","targetHints":{"allow":["GET"]}}],"collection":[{"href":"https:\/\/diarioregionaldigital.com.br\/index.php?rest_route=\/wp\/v2\/posts"}],"about":[{"href":"https:\/\/diarioregionaldigital.com.br\/index.php?rest_route=\/wp\/v2\/types\/post"}],"author":[{"embeddable":true,"href":"https:\/\/diarioregionaldigital.com.br\/index.php?rest_route=\/wp\/v2\/users\/96"}],"replies":[{"embeddable":true,"href":"https:\/\/diarioregionaldigital.com.br\/index.php?rest_route=%2Fwp%2Fv2%2Fcomments&post=87356"}],"version-history":[{"count":0,"href":"https:\/\/diarioregionaldigital.com.br\/index.php?rest_route=\/wp\/v2\/posts\/87356\/revisions"}],"wp:featuredmedia":[{"embeddable":true,"href":"https:\/\/diarioregionaldigital.com.br\/index.php?rest_route=\/wp\/v2\/media\/87355"}],"wp:attachment":[{"href":"https:\/\/diarioregionaldigital.com.br\/index.php?rest_route=%2Fwp%2Fv2%2Fmedia&parent=87356"}],"wp:term":[{"taxonomy":"category","embeddable":true,"href":"https:\/\/diarioregionaldigital.com.br\/index.php?rest_route=%2Fwp%2Fv2%2Fcategories&post=87356"},{"taxonomy":"post_tag","embeddable":true,"href":"https:\/\/diarioregionaldigital.com.br\/index.php?rest_route=%2Fwp%2Fv2%2Ftags&post=87356"}],"curies":[{"name":"wp","href":"https:\/\/api.w.org\/{rel}","templated":true}]}}