{"id":87354,"date":"2017-12-13T13:08:01","date_gmt":"2017-12-13T15:08:01","guid":{"rendered":"http:\/\/diarioregionaljf.com.br\/2017\/12\/13\/jovem-e-assaltado-durante-servico-em-distribuidora-no-linhares\/"},"modified":"2017-12-13T13:08:01","modified_gmt":"2017-12-13T15:08:01","slug":"jovem-e-assaltado-durante-servico-em-distribuidora-no-linhares","status":"publish","type":"post","link":"https:\/\/diarioregionaldigital.com.br\/?p=87354","title":{"rendered":"Jovem \u00e9 assaltado durante servi\u00e7o em distribuidora no Linhares"},"content":{"rendered":"<p>Um jovem de 20 anos foi assaltado na noite desta ter\u00e7a-feira, 12, enquanto trabalhava em uma distribuidora de \u00e1gua e g\u00e1s, no bairro Linhares, zona Leste de Juiz de Fora.<\/p>\n<p>De acordo com informa\u00e7\u00f5es repassadas pela Pol\u00edcia Militar (PM), a v\u00edtima encontrava-se trabalhando no estabelecimento quando dois indiv\u00edduos, usando m\u00e1scaras e com um rev\u00f3lver, entraram no local e anunciaram o assalto.<\/p>\n<p>A dupla roubou a quantia de R$600 do jovem, al\u00e9m de dois aparelhos celulares. Ap\u00f3s a a\u00e7\u00e3o os autores fugiram pela Rua Diva Garcia, em dire\u00e7\u00e3o a penitenci\u00e1ria. Durante a fuga, um dos assaltantes deixou sua m\u00e1scara cair. O objeto foi apreendido e encaminhado \u00e0 pol\u00edcia.<\/p>\n<p>A PM realizou buscas pela regi\u00e3o, mas os indiv\u00edduos n\u00e3o foram localizados.<\/p>\n","protected":false},"excerpt":{"rendered":"<p>Um jovem de 20 anos foi assaltado na noite desta ter\u00e7a-feira, 12, enquanto trabalhava em uma distribuidora de \u00e1gua e g\u00e1s, no bairro Linhares, zona Leste de Juiz de Fora. De acordo com informa\u00e7\u00f5es repassadas pela Pol\u00edcia Militar (PM), a v\u00edtima encontrava-se trabalhando no estabelecimento quando dois indiv\u00edduos, usando m\u00e1scaras e com um rev\u00f3lver, entraram [&hellip;]<\/p>\n","protected":false},"author":96,"featured_media":87353,"comment_status":"closed","ping_status":"closed","sticky":false,"template":"","format":"standard","meta":{"footnotes":""},"categories":[301],"tags":[],"class_list":["post-87354","post","type-post","status-publish","format-standard","has-post-thumbnail","hentry","category-artigos-policiais"],"_links":{"self":[{"href":"https:\/\/diarioregionaldigital.com.br\/index.php?rest_route=\/wp\/v2\/posts\/87354","targetHints":{"allow":["GET"]}}],"collection":[{"href":"https:\/\/diarioregionaldigital.com.br\/index.php?rest_route=\/wp\/v2\/posts"}],"about":[{"href":"https:\/\/diarioregionaldigital.com.br\/index.php?rest_route=\/wp\/v2\/types\/post"}],"author":[{"embeddable":true,"href":"https:\/\/diarioregionaldigital.com.br\/index.php?rest_route=\/wp\/v2\/users\/96"}],"replies":[{"embeddable":true,"href":"https:\/\/diarioregionaldigital.com.br\/index.php?rest_route=%2Fwp%2Fv2%2Fcomments&post=87354"}],"version-history":[{"count":0,"href":"https:\/\/diarioregionaldigital.com.br\/index.php?rest_route=\/wp\/v2\/posts\/87354\/revisions"}],"wp:featuredmedia":[{"embeddable":true,"href":"https:\/\/diarioregionaldigital.com.br\/index.php?rest_route=\/wp\/v2\/media\/87353"}],"wp:attachment":[{"href":"https:\/\/diarioregionaldigital.com.br\/index.php?rest_route=%2Fwp%2Fv2%2Fmedia&parent=87354"}],"wp:term":[{"taxonomy":"category","embeddable":true,"href":"https:\/\/diarioregionaldigital.com.br\/index.php?rest_route=%2Fwp%2Fv2%2Fcategories&post=87354"},{"taxonomy":"post_tag","embeddable":true,"href":"https:\/\/diarioregionaldigital.com.br\/index.php?rest_route=%2Fwp%2Fv2%2Ftags&post=87354"}],"curies":[{"name":"wp","href":"https:\/\/api.w.org\/{rel}","templated":true}]}}