{"id":87352,"date":"2017-12-13T12:48:31","date_gmt":"2017-12-13T14:48:31","guid":{"rendered":"http:\/\/diarioregionaljf.com.br\/2017\/12\/13\/jovens-sao-ameacadas-com-faca-durante-assalto-no-centro-da-cidade\/"},"modified":"2017-12-13T12:48:31","modified_gmt":"2017-12-13T14:48:31","slug":"jovens-sao-ameacadas-com-faca-durante-assalto-no-centro-da-cidade","status":"publish","type":"post","link":"https:\/\/diarioregionaldigital.com.br\/?p=87352","title":{"rendered":"Jovens s\u00e3o amea\u00e7adas com faca durante assalto no centro da cidade"},"content":{"rendered":"<p>Duas jovens de 16 anos foram assaltadas no in\u00edcio da tarde desta ter\u00e7a-feira, 12, na regi\u00e3o central de Juiz de Fora.<\/p>\n<p>De acordo com o registro de ocorr\u00eancias da Pol\u00edcia Militar (PM), as jovens encontravam-se na esquina da Rua Batista de Oliveira com a Rua Francisco Bernardino, quando foram abordadas por um indiv\u00edduo com uma faca.<\/p>\n<p>O autor, de 27 anos, fez amea\u00e7as contra as jovens e roubou o aparelho celular de uma das jovens, uma vez que a outra v\u00edtima conseguiu fugir do local.<\/p>\n<p>O autor foi detido por populares que se encontravam na regi\u00e3o. Ele foi preso e encaminhado para a delegacia.<\/p>\n<p>O celular roubado foi recuperado.<\/p>\n","protected":false},"excerpt":{"rendered":"<p>Duas jovens de 16 anos foram assaltadas no in\u00edcio da tarde desta ter\u00e7a-feira, 12, na regi\u00e3o central de Juiz de Fora. De acordo com o registro de ocorr\u00eancias da Pol\u00edcia Militar (PM), as jovens encontravam-se na esquina da Rua Batista de Oliveira com a Rua Francisco Bernardino, quando foram abordadas por um indiv\u00edduo com uma [&hellip;]<\/p>\n","protected":false},"author":96,"featured_media":87351,"comment_status":"closed","ping_status":"closed","sticky":false,"template":"","format":"standard","meta":{"footnotes":""},"categories":[301],"tags":[],"class_list":["post-87352","post","type-post","status-publish","format-standard","has-post-thumbnail","hentry","category-artigos-policiais"],"_links":{"self":[{"href":"https:\/\/diarioregionaldigital.com.br\/index.php?rest_route=\/wp\/v2\/posts\/87352","targetHints":{"allow":["GET"]}}],"collection":[{"href":"https:\/\/diarioregionaldigital.com.br\/index.php?rest_route=\/wp\/v2\/posts"}],"about":[{"href":"https:\/\/diarioregionaldigital.com.br\/index.php?rest_route=\/wp\/v2\/types\/post"}],"author":[{"embeddable":true,"href":"https:\/\/diarioregionaldigital.com.br\/index.php?rest_route=\/wp\/v2\/users\/96"}],"replies":[{"embeddable":true,"href":"https:\/\/diarioregionaldigital.com.br\/index.php?rest_route=%2Fwp%2Fv2%2Fcomments&post=87352"}],"version-history":[{"count":0,"href":"https:\/\/diarioregionaldigital.com.br\/index.php?rest_route=\/wp\/v2\/posts\/87352\/revisions"}],"wp:featuredmedia":[{"embeddable":true,"href":"https:\/\/diarioregionaldigital.com.br\/index.php?rest_route=\/wp\/v2\/media\/87351"}],"wp:attachment":[{"href":"https:\/\/diarioregionaldigital.com.br\/index.php?rest_route=%2Fwp%2Fv2%2Fmedia&parent=87352"}],"wp:term":[{"taxonomy":"category","embeddable":true,"href":"https:\/\/diarioregionaldigital.com.br\/index.php?rest_route=%2Fwp%2Fv2%2Fcategories&post=87352"},{"taxonomy":"post_tag","embeddable":true,"href":"https:\/\/diarioregionaldigital.com.br\/index.php?rest_route=%2Fwp%2Fv2%2Ftags&post=87352"}],"curies":[{"name":"wp","href":"https:\/\/api.w.org\/{rel}","templated":true}]}}