{"id":87348,"date":"2017-12-13T11:46:18","date_gmt":"2017-12-13T13:46:18","guid":{"rendered":"http:\/\/diarioregionaljf.com.br\/2017\/12\/13\/entregador-de-lanches-e-assaltado-por-dupla-em-moto-no-sao-benedito\/"},"modified":"2017-12-13T11:46:18","modified_gmt":"2017-12-13T13:46:18","slug":"entregador-de-lanches-e-assaltado-por-dupla-em-moto-no-sao-benedito","status":"publish","type":"post","link":"https:\/\/diarioregionaldigital.com.br\/?p=87348","title":{"rendered":"Entregador de lanches \u00e9 assaltado por dupla em moto no S\u00e3o Benedito"},"content":{"rendered":"<p>Um jovem de 21 anos, entregador de lanches, foi assaltado na noite desta ter\u00e7a-feira, 12, no bairro S\u00e3o Benedito, localizado na zona Leste de Juiz de Fora.<\/p>\n<p>Segundo informa\u00e7\u00f5es do registro de ocorr\u00eancias da Pol\u00edcia Militar (PM), a v\u00edtima relatou que seguia de moto pela Rua Agilberto Costa, esquina com Rua Cruz e Souza, quando foi abordado por dois indiv\u00edduos com capacetes em uma moto, ambos com armas de fogo.<\/p>\n<p>A dupla anunciou o assalto, momento em que a v\u00edtima entrou em luta corporal com os mesmos. Entretanto, temendo pela pr\u00f3pria vida, preferiu desistir da a\u00e7\u00e3o. Os assaltantes roubaram a motocicleta e fugiram.<\/p>\n<p>Alguns minutos ap\u00f3s o roubo, a v\u00edtima relatou que reencontrou a motocicleta pr\u00f3xima a um escad\u00e3o na Rua S\u00e3o Louren\u00e7o. Ela encontrava-se com a corrente arrebentada.<\/p>\n<p>A PM acionou servi\u00e7o de remo\u00e7\u00e3o e encaminhou a moto ao p\u00e1tio.<\/p>\n<p>Os autores n\u00e3o foram localizados.<\/p>\n","protected":false},"excerpt":{"rendered":"<p>Um jovem de 21 anos, entregador de lanches, foi assaltado na noite desta ter\u00e7a-feira, 12, no bairro S\u00e3o Benedito, localizado na zona Leste de Juiz de Fora. Segundo informa\u00e7\u00f5es do registro de ocorr\u00eancias da Pol\u00edcia Militar (PM), a v\u00edtima relatou que seguia de moto pela Rua Agilberto Costa, esquina com Rua Cruz e Souza, quando [&hellip;]<\/p>\n","protected":false},"author":96,"featured_media":87347,"comment_status":"closed","ping_status":"closed","sticky":false,"template":"","format":"standard","meta":{"footnotes":""},"categories":[301],"tags":[],"class_list":["post-87348","post","type-post","status-publish","format-standard","has-post-thumbnail","hentry","category-artigos-policiais"],"_links":{"self":[{"href":"https:\/\/diarioregionaldigital.com.br\/index.php?rest_route=\/wp\/v2\/posts\/87348","targetHints":{"allow":["GET"]}}],"collection":[{"href":"https:\/\/diarioregionaldigital.com.br\/index.php?rest_route=\/wp\/v2\/posts"}],"about":[{"href":"https:\/\/diarioregionaldigital.com.br\/index.php?rest_route=\/wp\/v2\/types\/post"}],"author":[{"embeddable":true,"href":"https:\/\/diarioregionaldigital.com.br\/index.php?rest_route=\/wp\/v2\/users\/96"}],"replies":[{"embeddable":true,"href":"https:\/\/diarioregionaldigital.com.br\/index.php?rest_route=%2Fwp%2Fv2%2Fcomments&post=87348"}],"version-history":[{"count":0,"href":"https:\/\/diarioregionaldigital.com.br\/index.php?rest_route=\/wp\/v2\/posts\/87348\/revisions"}],"wp:featuredmedia":[{"embeddable":true,"href":"https:\/\/diarioregionaldigital.com.br\/index.php?rest_route=\/wp\/v2\/media\/87347"}],"wp:attachment":[{"href":"https:\/\/diarioregionaldigital.com.br\/index.php?rest_route=%2Fwp%2Fv2%2Fmedia&parent=87348"}],"wp:term":[{"taxonomy":"category","embeddable":true,"href":"https:\/\/diarioregionaldigital.com.br\/index.php?rest_route=%2Fwp%2Fv2%2Fcategories&post=87348"},{"taxonomy":"post_tag","embeddable":true,"href":"https:\/\/diarioregionaldigital.com.br\/index.php?rest_route=%2Fwp%2Fv2%2Ftags&post=87348"}],"curies":[{"name":"wp","href":"https:\/\/api.w.org\/{rel}","templated":true}]}}