{"id":87346,"date":"2017-12-13T11:11:54","date_gmt":"2017-12-13T13:11:54","guid":{"rendered":"http:\/\/diarioregionaljf.com.br\/2017\/12\/13\/jovem-e-assaltado-a-mao-armada-no-bairro-retiro\/"},"modified":"2017-12-13T11:11:54","modified_gmt":"2017-12-13T13:11:54","slug":"jovem-e-assaltado-a-mao-armada-no-bairro-retiro","status":"publish","type":"post","link":"https:\/\/diarioregionaldigital.com.br\/?p=87346","title":{"rendered":"Jovem \u00e9 assaltado \u00e0 m\u00e3o armada no bairro Retiro"},"content":{"rendered":"<p>Um jovem de 24 anos foi assaltado \u00e0 m\u00e3o armada na noite desta ter\u00e7a-feira, 12, no bairro Retiro, localizado na zona Sudeste de Juiz de Fora.<\/p>\n<p>De acordo com o registro de ocorr\u00eancias da Pol\u00edcia Militar (PM), o jovem conversava com uma pessoa na Rua H\u00e9lio Fellet, quando foram abordados por dois indiv\u00edduos, um deles com arma de fogo.<\/p>\n<p>Os autores anunciaram o assalto e roubaram um aparelho celular da v\u00edtima. Ap\u00f3s a a\u00e7\u00e3o sa\u00edram correndo em dire\u00e7\u00e3o \u00e0 uma mata na regi\u00e3o.<\/p>\n<p>Em conversa com uma testemunha do crime, a mesma reconheceu um dos autores do assalto, que seria um jovem de 16 anos. Diante das informa\u00e7\u00f5es a PM se dirigiu at\u00e9 a resid\u00eancia do mesmo, na qual apenas o rapaz encontrava-se. Em di\u00e1logo com os policiais o menor afirmou n\u00e3o ter nenhum envolvimento nos fatos denunciados.<\/p>\n<p>Os policiais seguiram ent\u00e3o para a casa da tia do menor. No local, foram atendidos pela prima do mesmo, que se deslocou at\u00e9 a resid\u00eancia do menor e autorizou a entrada dos policiais, por ser a respons\u00e1vel por ele na aus\u00eancia de outros respons\u00e1veis.<\/p>\n<p>Na presen\u00e7a da prima e de um tio do menor, os policiais entraram na casa e realizaram buscas no local. A PM localizou, debaixo de um sof\u00e1, uma pistola, calibre 7,65, com numera\u00e7\u00e3o raspada, municiada com carregador e 12 muni\u00e7\u00f5es intactas. O menor afirmou ser dono da arma.<\/p>\n<p>A PM continuou as buscas pelo restante do pr\u00e9dio, vindo a localizar o outro autor, de 32 anos. Uma touca, com caracter\u00edsticas parecidas com as descritas pela v\u00edtima, tamb\u00e9m foi encontrada atr\u00e1s de um vaso de planta. O autor confirmou ser dono da mesma.<\/p>\n<p>A v\u00edtima reconheceu ambos os autores. O homem de 32 anos recebeu voz de pris\u00e3o em flagrante e o menor, de 16 anos, recebeu voz de apreens\u00e3o.<\/p>\n<p>O celular da v\u00edtima n\u00e3o foi encontrado.<\/p>\n","protected":false},"excerpt":{"rendered":"<p>Um jovem de 24 anos foi assaltado \u00e0 m\u00e3o armada na noite desta ter\u00e7a-feira, 12, no bairro Retiro, localizado na zona Sudeste de Juiz de Fora. De acordo com o registro de ocorr\u00eancias da Pol\u00edcia Militar (PM), o jovem conversava com uma pessoa na Rua H\u00e9lio Fellet, quando foram abordados por dois indiv\u00edduos, um deles [&hellip;]<\/p>\n","protected":false},"author":96,"featured_media":87345,"comment_status":"closed","ping_status":"closed","sticky":false,"template":"","format":"standard","meta":{"footnotes":""},"categories":[301],"tags":[],"class_list":["post-87346","post","type-post","status-publish","format-standard","has-post-thumbnail","hentry","category-artigos-policiais"],"_links":{"self":[{"href":"https:\/\/diarioregionaldigital.com.br\/index.php?rest_route=\/wp\/v2\/posts\/87346","targetHints":{"allow":["GET"]}}],"collection":[{"href":"https:\/\/diarioregionaldigital.com.br\/index.php?rest_route=\/wp\/v2\/posts"}],"about":[{"href":"https:\/\/diarioregionaldigital.com.br\/index.php?rest_route=\/wp\/v2\/types\/post"}],"author":[{"embeddable":true,"href":"https:\/\/diarioregionaldigital.com.br\/index.php?rest_route=\/wp\/v2\/users\/96"}],"replies":[{"embeddable":true,"href":"https:\/\/diarioregionaldigital.com.br\/index.php?rest_route=%2Fwp%2Fv2%2Fcomments&post=87346"}],"version-history":[{"count":0,"href":"https:\/\/diarioregionaldigital.com.br\/index.php?rest_route=\/wp\/v2\/posts\/87346\/revisions"}],"wp:featuredmedia":[{"embeddable":true,"href":"https:\/\/diarioregionaldigital.com.br\/index.php?rest_route=\/wp\/v2\/media\/87345"}],"wp:attachment":[{"href":"https:\/\/diarioregionaldigital.com.br\/index.php?rest_route=%2Fwp%2Fv2%2Fmedia&parent=87346"}],"wp:term":[{"taxonomy":"category","embeddable":true,"href":"https:\/\/diarioregionaldigital.com.br\/index.php?rest_route=%2Fwp%2Fv2%2Fcategories&post=87346"},{"taxonomy":"post_tag","embeddable":true,"href":"https:\/\/diarioregionaldigital.com.br\/index.php?rest_route=%2Fwp%2Fv2%2Ftags&post=87346"}],"curies":[{"name":"wp","href":"https:\/\/api.w.org\/{rel}","templated":true}]}}