{"id":87344,"date":"2017-12-13T00:09:29","date_gmt":"2017-12-13T02:09:29","guid":{"rendered":"http:\/\/diarioregionaljf.com.br\/2017\/12\/13\/questoes-objetivas-do-pism-recebem-36-pedidos-de-recurso\/"},"modified":"2017-12-13T00:09:29","modified_gmt":"2017-12-13T02:09:29","slug":"questoes-objetivas-do-pism-recebem-36-pedidos-de-recurso","status":"publish","type":"post","link":"https:\/\/diarioregionaldigital.com.br\/?p=87344","title":{"rendered":"Quest\u00f5es objetivas do Pism recebem 36 pedidos de recurso"},"content":{"rendered":"<p>Ap\u00f3s os dois dias de prova, os candidatos do Programa de Ingresso Seletivo Misto (Pism) tiveram at\u00e9 \u00e0s 16h dessa segunda-feira, 11, para protocolarem seus pedidos de recurso referentes \u00e0s formula\u00e7\u00f5es das quest\u00f5es e aos gabaritos de cada prova.<\/p>\n<p>Os pedidos puderam ser realizados na Central de Atendimento, no pr\u00e9dio da Reitoria, por e-mail ou fax, como consta no edital. De acordo com informa\u00e7\u00f5es da Comiss\u00e3o Permanente de Sele\u00e7\u00e3o (Copese), ao todo, foram recebidos 36 processos de recursos, sendo:<\/p>\n<p><strong>M\u00f3dulo I<\/strong>: dez recursos (duas quest\u00f5es de Biologia, uma de Geografia, duas de Hist\u00f3ria, uma de L\u00edngua Portuguesa, uma de Literaturas, uma de Matem\u00e1tica e duas de Qu\u00edmica);<\/p>\n<p><strong>M\u00f3dulo II<\/strong>: 16 recursos (quatro quest\u00f5es de Biologia, uma de F\u00edsica, uma de Geografia, tr\u00eas de L\u00edngua Portuguesa, tr\u00eas de Literaturas, duas de Hist\u00f3ria, uma de Matem\u00e1tica e uma de Qu\u00edmica);<\/p>\n<p><strong>M\u00f3dulo III<\/strong>: dez recursos (quatro quest\u00f5es de Biologia, uma de Geografia, uma de L\u00edngua Portuguesa, tr\u00eas de Literaturas, uma de Qu\u00edmica).<\/p>\n<p>O pr\u00f3ximo passo para os interessados \u00e9 aguardar o julgamento dos pedidos, cujo resultado sai em at\u00e9 72 horas. Os procedimentos em caso de anula\u00e7\u00e3o de quest\u00f5es est\u00e3o descritos no edital do processo e n\u00e3o haver\u00e1 recurso sobre a decis\u00e3o final da UFJF.&nbsp;Os gabaritos das quest\u00f5es objetivas dos dois dias de prova j\u00e1 est\u00e3o dispon\u00edveis no site oficial do Pism.<\/p>\n<p><strong>Recursos referentes aos resultados das provas do m\u00f3dulo III<\/strong><\/p>\n<p>Os recursos referentes \u00e0s notas das provas do m\u00f3dulo III dever\u00e3o ser requeridos em formul\u00e1rio pr\u00f3prio, dispon\u00edvel no site da Copese. Uma vez preenchido, o documento deve ser entregue \u00e0 Central de Atendimento ou ao e-mail vestibular@ufjf.edu.br no dia 2 de fevereiro de 2018, das 9h \u00e0s 16h, seguindo as condi\u00e7\u00f5es do edital.<\/p>\n<p>J\u00e1 os recursos das notas dos m\u00f3dulos I e II devem ser realizados no dia 9 de mar\u00e7o de 2018, tamb\u00e9m na Central de Atendimento, no mesmo hor\u00e1rio, das 9h \u00e0s 16h.<\/p>\n<p><strong>Mais resultados<\/strong><\/p>\n<p>As notas das provas do m\u00f3dulo III ser\u00e3o disponibilizadas no dia 1\u00b0 de fevereiro de 2018, a partir das 15h, no mesmo endere\u00e7o eletr\u00f4nico. O resultado final do \u00faltimo m\u00f3dulo ser\u00e1 divulgado no dia 8 de fevereiro de 2018. J\u00e1 as notas referentes aos m\u00f3dulos I e II podem ser acessadas online a partir do dia 8 de mar\u00e7o de 2018. O resultado final sai no dia 15 de mar\u00e7o, tamb\u00e9m a partir das 15h.<\/p>\n<hr \/>\n<p>&nbsp;Fonte: Assessoria\/UFJF<\/p>\n","protected":false},"excerpt":{"rendered":"<p>Ap\u00f3s os dois dias de prova, os candidatos do Programa de Ingresso Seletivo Misto (Pism) tiveram at\u00e9 \u00e0s 16h dessa segunda-feira, 11, para protocolarem seus pedidos de recurso referentes \u00e0s formula\u00e7\u00f5es das quest\u00f5es e aos gabaritos de cada prova. Os pedidos puderam ser realizados na Central de Atendimento, no pr\u00e9dio da Reitoria, por e-mail ou [&hellip;]<\/p>\n","protected":false},"author":96,"featured_media":87343,"comment_status":"closed","ping_status":"closed","sticky":false,"template":"","format":"standard","meta":{"footnotes":""},"categories":[253],"tags":[],"class_list":["post-87344","post","type-post","status-publish","format-standard","has-post-thumbnail","hentry","category-cidade"],"_links":{"self":[{"href":"https:\/\/diarioregionaldigital.com.br\/index.php?rest_route=\/wp\/v2\/posts\/87344","targetHints":{"allow":["GET"]}}],"collection":[{"href":"https:\/\/diarioregionaldigital.com.br\/index.php?rest_route=\/wp\/v2\/posts"}],"about":[{"href":"https:\/\/diarioregionaldigital.com.br\/index.php?rest_route=\/wp\/v2\/types\/post"}],"author":[{"embeddable":true,"href":"https:\/\/diarioregionaldigital.com.br\/index.php?rest_route=\/wp\/v2\/users\/96"}],"replies":[{"embeddable":true,"href":"https:\/\/diarioregionaldigital.com.br\/index.php?rest_route=%2Fwp%2Fv2%2Fcomments&post=87344"}],"version-history":[{"count":0,"href":"https:\/\/diarioregionaldigital.com.br\/index.php?rest_route=\/wp\/v2\/posts\/87344\/revisions"}],"wp:featuredmedia":[{"embeddable":true,"href":"https:\/\/diarioregionaldigital.com.br\/index.php?rest_route=\/wp\/v2\/media\/87343"}],"wp:attachment":[{"href":"https:\/\/diarioregionaldigital.com.br\/index.php?rest_route=%2Fwp%2Fv2%2Fmedia&parent=87344"}],"wp:term":[{"taxonomy":"category","embeddable":true,"href":"https:\/\/diarioregionaldigital.com.br\/index.php?rest_route=%2Fwp%2Fv2%2Fcategories&post=87344"},{"taxonomy":"post_tag","embeddable":true,"href":"https:\/\/diarioregionaldigital.com.br\/index.php?rest_route=%2Fwp%2Fv2%2Ftags&post=87344"}],"curies":[{"name":"wp","href":"https:\/\/api.w.org\/{rel}","templated":true}]}}