{"id":87342,"date":"2017-12-12T23:57:43","date_gmt":"2017-12-13T01:57:43","guid":{"rendered":"http:\/\/diarioregionaljf.com.br\/2017\/12\/12\/projeto-leva-capacitacao-para-empreendedores-da-vila-olavo-costa-e-regiao\/"},"modified":"2017-12-12T23:57:43","modified_gmt":"2017-12-13T01:57:43","slug":"projeto-leva-capacitacao-para-empreendedores-da-vila-olavo-costa-e-regiao","status":"publish","type":"post","link":"https:\/\/diarioregionaldigital.com.br\/?p=87342","title":{"rendered":"Projeto leva capacita\u00e7\u00e3o para empreendedores da Vila Olavo Costa e regi\u00e3o"},"content":{"rendered":"<p>Parceria da Secretaria de Desenvolvimento Econ\u00f4mico, Trabalho e Turismo (Sedettur), da Prefeitura de Juiz de Fora (PJF), com a Liga das Empresas Juniores, levar\u00e1 orienta\u00e7\u00e3o e capacita\u00e7\u00e3o aos micros e pequenos empreendedores e aut\u00f4nomos da Vila Olavo Costa e regi\u00e3o. O projeto \u201cJF Orienta \u2013 Empreendedorismo\u201d foi anunciado no s\u00e1bado, 9, durante realiza\u00e7\u00e3o do \u201cBem Comum Bairros\u201d, e faz parte do Plano de A\u00e7\u00e3o do \u201cN\u00facleo Travessia\u201d.<\/p>\n<p>\u201cSabemos que h\u00e1 muitas pessoas empreendendo, vendendo, produzindo doces e artesanatos, e que precisam de orienta\u00e7\u00e3o para desenvolver seu neg\u00f3cio e melhorar sua renda. Nossa proposta \u00e9 contribuir\u201d, destacou o secret\u00e1rio Jo\u00e3o de Matos, da Sedettur, durante lan\u00e7amento do projeto.<\/p>\n<p>As oficinas ter\u00e3o in\u00edcio em 13 de janeiro e ser\u00e3o ministradas pelos estudantes, integrantes das Empresas Juniores de Juiz de Fora. Ser\u00e3o quatro palestras, sendo uma por semana, aos s\u00e1bados.<\/p>\n<p>O conte\u00fado incluir\u00e1 introdu\u00e7\u00f5es ao empreendedorismo e gest\u00f5es financeira e de processos. \u201cA ideia do projeto \u00e9 levar um pouco de empreendedorismo para dentro das comunidades. Afinal, temos concentra\u00e7\u00e3o de renda muito grande e o foco das empresas juniores \u00e9 trabalhar com micros e pequenos empreendedores.<\/p>\n<p>A inten\u00e7\u00e3o \u00e9, com simples atitudes, conseguir alavancar a produtividade dessas pessoas, para que consigam elevar de fato os lucros do pr\u00f3prio produto, consigam contratar mais pessoas, impactar mais fam\u00edlias e gerar lucro n\u00e3o apenas para si, mas para toda a comunidade\u201d, explicou o presidente da Liga, Gabriel \u00c1lvares Machado. Esta \u00e9 a primeira vez que o projeto acontece em uma comunidade da cidade.<\/p>\n<hr \/>\n<p>&nbsp;Fonte: Assessoria\/PJF<\/p>\n","protected":false},"excerpt":{"rendered":"<p>Parceria da Secretaria de Desenvolvimento Econ\u00f4mico, Trabalho e Turismo (Sedettur), da Prefeitura de Juiz de Fora (PJF), com a Liga das Empresas Juniores, levar\u00e1 orienta\u00e7\u00e3o e capacita\u00e7\u00e3o aos micros e pequenos empreendedores e aut\u00f4nomos da Vila Olavo Costa e regi\u00e3o. O projeto \u201cJF Orienta \u2013 Empreendedorismo\u201d foi anunciado no s\u00e1bado, 9, durante realiza\u00e7\u00e3o do \u201cBem [&hellip;]<\/p>\n","protected":false},"author":96,"featured_media":87341,"comment_status":"closed","ping_status":"closed","sticky":false,"template":"","format":"standard","meta":{"footnotes":""},"categories":[253],"tags":[],"class_list":["post-87342","post","type-post","status-publish","format-standard","has-post-thumbnail","hentry","category-cidade"],"_links":{"self":[{"href":"https:\/\/diarioregionaldigital.com.br\/index.php?rest_route=\/wp\/v2\/posts\/87342","targetHints":{"allow":["GET"]}}],"collection":[{"href":"https:\/\/diarioregionaldigital.com.br\/index.php?rest_route=\/wp\/v2\/posts"}],"about":[{"href":"https:\/\/diarioregionaldigital.com.br\/index.php?rest_route=\/wp\/v2\/types\/post"}],"author":[{"embeddable":true,"href":"https:\/\/diarioregionaldigital.com.br\/index.php?rest_route=\/wp\/v2\/users\/96"}],"replies":[{"embeddable":true,"href":"https:\/\/diarioregionaldigital.com.br\/index.php?rest_route=%2Fwp%2Fv2%2Fcomments&post=87342"}],"version-history":[{"count":0,"href":"https:\/\/diarioregionaldigital.com.br\/index.php?rest_route=\/wp\/v2\/posts\/87342\/revisions"}],"wp:featuredmedia":[{"embeddable":true,"href":"https:\/\/diarioregionaldigital.com.br\/index.php?rest_route=\/wp\/v2\/media\/87341"}],"wp:attachment":[{"href":"https:\/\/diarioregionaldigital.com.br\/index.php?rest_route=%2Fwp%2Fv2%2Fmedia&parent=87342"}],"wp:term":[{"taxonomy":"category","embeddable":true,"href":"https:\/\/diarioregionaldigital.com.br\/index.php?rest_route=%2Fwp%2Fv2%2Fcategories&post=87342"},{"taxonomy":"post_tag","embeddable":true,"href":"https:\/\/diarioregionaldigital.com.br\/index.php?rest_route=%2Fwp%2Fv2%2Ftags&post=87342"}],"curies":[{"name":"wp","href":"https:\/\/api.w.org\/{rel}","templated":true}]}}