{"id":87338,"date":"2017-12-12T23:44:12","date_gmt":"2017-12-13T01:44:12","guid":{"rendered":"http:\/\/diarioregionaljf.com.br\/2017\/12\/12\/ubs-de-joquei-clube-ficara-fechada-para-pintura\/"},"modified":"2017-12-12T23:44:12","modified_gmt":"2017-12-13T01:44:12","slug":"ubs-de-joquei-clube-ficara-fechada-para-pintura","status":"publish","type":"post","link":"https:\/\/diarioregionaldigital.com.br\/?p=87338","title":{"rendered":"UBS de J\u00f3quei Clube ficar\u00e1 fechada para pintura"},"content":{"rendered":"<p>A Unidade B\u00e1sica de Sa\u00fade (UBS) do J\u00f3quei Clube 1 ser\u00e1 fechada nesta quinta-feira, 14, a partir das 13h, e na sexta-feira, 15, o dia todo, para pintura do pr\u00e9dio. Todas as marca\u00e7\u00f5es de consultas e atendimentos j\u00e1 foram reagendados, sem preju\u00edzo para o cidad\u00e3o. A UBS reabrir\u00e1 na segunda-feira, 18, com seu funcionamento normalizado.<\/p>\n<p>Durante esses dias, os usu\u00e1rios que necessitarem de atendimento podem se dirigir \u00e0 unidade de urg\u00eancia e emerg\u00eancia mais pr\u00f3xima. Todas as modifica\u00e7\u00f5es nos atendimentos foram feitas com a ci\u00eancia do Conselho local de sa\u00fade.<\/p>\n<hr \/>\n<p>&nbsp;Fonte: Assessoria\/PJF<\/p>\n","protected":false},"excerpt":{"rendered":"<p>A Unidade B\u00e1sica de Sa\u00fade (UBS) do J\u00f3quei Clube 1 ser\u00e1 fechada nesta quinta-feira, 14, a partir das 13h, e na sexta-feira, 15, o dia todo, para pintura do pr\u00e9dio. Todas as marca\u00e7\u00f5es de consultas e atendimentos j\u00e1 foram reagendados, sem preju\u00edzo para o cidad\u00e3o. A UBS reabrir\u00e1 na segunda-feira, 18, com seu funcionamento normalizado. [&hellip;]<\/p>\n","protected":false},"author":96,"featured_media":87337,"comment_status":"closed","ping_status":"closed","sticky":false,"template":"","format":"standard","meta":{"footnotes":""},"categories":[253],"tags":[],"class_list":["post-87338","post","type-post","status-publish","format-standard","has-post-thumbnail","hentry","category-cidade"],"_links":{"self":[{"href":"https:\/\/diarioregionaldigital.com.br\/index.php?rest_route=\/wp\/v2\/posts\/87338","targetHints":{"allow":["GET"]}}],"collection":[{"href":"https:\/\/diarioregionaldigital.com.br\/index.php?rest_route=\/wp\/v2\/posts"}],"about":[{"href":"https:\/\/diarioregionaldigital.com.br\/index.php?rest_route=\/wp\/v2\/types\/post"}],"author":[{"embeddable":true,"href":"https:\/\/diarioregionaldigital.com.br\/index.php?rest_route=\/wp\/v2\/users\/96"}],"replies":[{"embeddable":true,"href":"https:\/\/diarioregionaldigital.com.br\/index.php?rest_route=%2Fwp%2Fv2%2Fcomments&post=87338"}],"version-history":[{"count":0,"href":"https:\/\/diarioregionaldigital.com.br\/index.php?rest_route=\/wp\/v2\/posts\/87338\/revisions"}],"wp:featuredmedia":[{"embeddable":true,"href":"https:\/\/diarioregionaldigital.com.br\/index.php?rest_route=\/wp\/v2\/media\/87337"}],"wp:attachment":[{"href":"https:\/\/diarioregionaldigital.com.br\/index.php?rest_route=%2Fwp%2Fv2%2Fmedia&parent=87338"}],"wp:term":[{"taxonomy":"category","embeddable":true,"href":"https:\/\/diarioregionaldigital.com.br\/index.php?rest_route=%2Fwp%2Fv2%2Fcategories&post=87338"},{"taxonomy":"post_tag","embeddable":true,"href":"https:\/\/diarioregionaldigital.com.br\/index.php?rest_route=%2Fwp%2Fv2%2Ftags&post=87338"}],"curies":[{"name":"wp","href":"https:\/\/api.w.org\/{rel}","templated":true}]}}