{"id":87336,"date":"2017-12-12T23:41:45","date_gmt":"2017-12-13T01:41:45","guid":{"rendered":"http:\/\/diarioregionaljf.com.br\/2017\/12\/12\/pjf-participa-do-9-forum-mineiro-da-comset-jf\/"},"modified":"2017-12-12T23:41:45","modified_gmt":"2017-12-13T01:41:45","slug":"pjf-participa-do-9-forum-mineiro-da-comset-jf","status":"publish","type":"post","link":"https:\/\/diarioregionaldigital.com.br\/?p=87336","title":{"rendered":"PJF participa do 9\u00b0 F\u00f3rum Mineiro da Comset\/JF"},"content":{"rendered":"<p>A Prefeitura de Juiz de Fora (PJF), atrav\u00e9s da secretarias de Transporte e Tr\u00e2nsito (Settra) e Sa\u00fade (SS), participou, nesta ter\u00e7a-feira, 12, do 9\u00b0 F\u00f3rum Mineiro da Comiss\u00e3o Municipal de Educa\u00e7\u00e3o e Seguran\u00e7a no Tr\u00e2nsito (Comset\/JF).<\/p>\n<p>A proposta do evento \u00e9 estimular reflex\u00f5es sobre seguran\u00e7a e educa\u00e7\u00e3o no tr\u00e2nsito. O encontro aconteceu no audit\u00f3rio do Centro de Vigil\u00e2ncia em Sa\u00fade e contou com a presen\u00e7a de diversos \u00f3rg\u00e3os civis e militares ligados ao tr\u00e2nsito. O vice-prefeito Ant\u00f4nio Almas participou da cerim\u00f4nia de abertura.<\/p>\n<p>Nesta edi\u00e7\u00e3o, o tema principal foi o \u201cPrograma Vida no Tr\u00e2nsito (PVT)\u201d, criado em 2010 pelo Minist\u00e9rio da Sa\u00fade (MS), em parceria com a Organiza\u00e7\u00e3o Pan-Americana da Sa\u00fade (Opas). Para o secret\u00e1rio de Transporte e Tr\u00e2nsito, Rodrigo Tortoriello, a\u00e7\u00f5es como essas s\u00e3o relevantes para dar mais visibilidade \u00e0 tem\u00e1tica e ajudar a despertar mais interesse p\u00fablico. \u201cO engajamento social \u00e9 importante para a preven\u00e7\u00e3o de acidentes no tr\u00e2nsito. O tr\u00e2nsito \u00e9 comportamento e, para mudar, precisamos envolver ainda mais a sociedade na discuss\u00e3o.\u201d<\/p>\n<p>Para o vice-prefeito Ant\u00f4nio Almas, o f\u00f3rum \u00e9 um instrumento para se chegar a bons resultados no combate \u00e0 viol\u00eancia no tr\u00e2nsito.<\/p>\n<p>A secret\u00e1ria de Sa\u00fade, Elizabeth Juc\u00e1, destacou a preven\u00e7\u00e3o como a medida mais eficaz para a diminui\u00e7\u00e3o de acidentes e impactos na sa\u00fade p\u00fablica.<\/p>\n<p>Al\u00e9m de representantes da PJF e da Comset, compareceram integrantes das pol\u00edcias Rodovi\u00e1ria Federal (PRF), Militar (PM), do Corpo de Bombeiros, Sest\/Senat (Servi\u00e7o Social do Transporte e Servi\u00e7o Nacional de Aprendizagem do Transporte), da Empresa de Transportes e Tr\u00e2nsito de Belo Horizonte (BHTrans) e da Secretaria de Estado de Sa\u00fade de Minas Gerais (SES-MG).<\/p>\n<hr \/>\n<p>&nbsp;Fonte: Assessoria\/PJF<\/p>\n","protected":false},"excerpt":{"rendered":"<p>A Prefeitura de Juiz de Fora (PJF), atrav\u00e9s da secretarias de Transporte e Tr\u00e2nsito (Settra) e Sa\u00fade (SS), participou, nesta ter\u00e7a-feira, 12, do 9\u00b0 F\u00f3rum Mineiro da Comiss\u00e3o Municipal de Educa\u00e7\u00e3o e Seguran\u00e7a no Tr\u00e2nsito (Comset\/JF). A proposta do evento \u00e9 estimular reflex\u00f5es sobre seguran\u00e7a e educa\u00e7\u00e3o no tr\u00e2nsito. O encontro aconteceu no audit\u00f3rio do [&hellip;]<\/p>\n","protected":false},"author":96,"featured_media":87335,"comment_status":"closed","ping_status":"closed","sticky":false,"template":"","format":"standard","meta":{"footnotes":""},"categories":[253],"tags":[],"class_list":["post-87336","post","type-post","status-publish","format-standard","has-post-thumbnail","hentry","category-cidade"],"_links":{"self":[{"href":"https:\/\/diarioregionaldigital.com.br\/index.php?rest_route=\/wp\/v2\/posts\/87336","targetHints":{"allow":["GET"]}}],"collection":[{"href":"https:\/\/diarioregionaldigital.com.br\/index.php?rest_route=\/wp\/v2\/posts"}],"about":[{"href":"https:\/\/diarioregionaldigital.com.br\/index.php?rest_route=\/wp\/v2\/types\/post"}],"author":[{"embeddable":true,"href":"https:\/\/diarioregionaldigital.com.br\/index.php?rest_route=\/wp\/v2\/users\/96"}],"replies":[{"embeddable":true,"href":"https:\/\/diarioregionaldigital.com.br\/index.php?rest_route=%2Fwp%2Fv2%2Fcomments&post=87336"}],"version-history":[{"count":0,"href":"https:\/\/diarioregionaldigital.com.br\/index.php?rest_route=\/wp\/v2\/posts\/87336\/revisions"}],"wp:featuredmedia":[{"embeddable":true,"href":"https:\/\/diarioregionaldigital.com.br\/index.php?rest_route=\/wp\/v2\/media\/87335"}],"wp:attachment":[{"href":"https:\/\/diarioregionaldigital.com.br\/index.php?rest_route=%2Fwp%2Fv2%2Fmedia&parent=87336"}],"wp:term":[{"taxonomy":"category","embeddable":true,"href":"https:\/\/diarioregionaldigital.com.br\/index.php?rest_route=%2Fwp%2Fv2%2Fcategories&post=87336"},{"taxonomy":"post_tag","embeddable":true,"href":"https:\/\/diarioregionaldigital.com.br\/index.php?rest_route=%2Fwp%2Fv2%2Ftags&post=87336"}],"curies":[{"name":"wp","href":"https:\/\/api.w.org\/{rel}","templated":true}]}}