{"id":87334,"date":"2017-12-12T23:38:51","date_gmt":"2017-12-13T01:38:51","guid":{"rendered":"http:\/\/diarioregionaljf.com.br\/2017\/12\/12\/iphan-libera-recursos-para-obras-no-museu-mariano-procopio\/"},"modified":"2017-12-12T23:38:51","modified_gmt":"2017-12-13T01:38:51","slug":"iphan-libera-recursos-para-obras-no-museu-mariano-procopio","status":"publish","type":"post","link":"https:\/\/diarioregionaldigital.com.br\/?p=87334","title":{"rendered":"Iphan libera recursos para obras no Museu \u201cMariano Proc\u00f3pio\u201d"},"content":{"rendered":"<p>O Instituto do Patrim\u00f4nio Hist\u00f3rico e Art\u00edstico Nacional (Iphan) liberou R$575.076 para recupera\u00e7\u00e3o do entorno dos pr\u00e9dios hist\u00f3ricos do Museu \u201cMariano Proc\u00f3pio\u201d e do parque, al\u00e9m da restaura\u00e7\u00e3o de pe\u00e7as decorativas. O recurso tem como base emenda do deputado federal Marcus Pestana, e a Prefeitura de Juiz de Fora (PJF) entrar\u00e1 com contrapartida de R$50.006,70.<\/p>\n<p>Conforme o diretor do Museu \u201cMariano Proc\u00f3pio\u201d, Ant\u00f4nio Carlos Duarte, o conv\u00eanio tem como objetivos viabilizar e melhorar a drenagem do entorno das edifica\u00e7\u00f5es do complexo hist\u00f3rico e implantar piso e guarda-corpo na \u00e1rea externa do pr\u00e9dio (conhecido como \u201cAnexo\u201d).<\/p>\n<p>Tamb\u00e9m est\u00e1 prevista a restaura\u00e7\u00e3o de elementos art\u00edsticos e m\u00f3veis integrados: as est\u00e1tuas em ferro \u201cArte\u201d e \u201cCi\u00eancias\u201d, os repuxos em ferro (chafarizes) \u201cAgricultura\u201d e \u201cEnfanto Triton\u201d, dois vasos decorativos em m\u00e1rmore e a \u201cGruta das Princesas\u201d.<\/p>\n<p>O diretor explicou que, como o conv\u00eanio \u00e9 de 2013, ser\u00e1 necess\u00e1rio reprogram\u00e1-lo, ou seja, atualizar custos e cronograma. A etapa seguinte ser\u00e1 a licita\u00e7\u00e3o, para que, posteriormente, as obras tenham in\u00edcio: \u201cAs interven\u00e7\u00f5es no Museu \u2018Mariano Proc\u00f3pio\u2019 s\u00e3o feitas por etapas, atrav\u00e9s de conv\u00eanios.<\/p>\n<p>Quase todas as institui\u00e7\u00f5es no Brasil est\u00e3o trabalhando assim, principalmente em conjuntura dif\u00edcil do ponto de vista financeiro, como estamos vivendo agora. Continuamos trabalhando em novos conv\u00eanios, para viabilizar a requalifica\u00e7\u00e3o do Museu e a abertura deste importante equipamento p\u00fablico.\u201d<\/p>\n<hr \/>\n<p>&nbsp;Fonte: Assessoria\/PJF<\/p>\n","protected":false},"excerpt":{"rendered":"<p>O Instituto do Patrim\u00f4nio Hist\u00f3rico e Art\u00edstico Nacional (Iphan) liberou R$575.076 para recupera\u00e7\u00e3o do entorno dos pr\u00e9dios hist\u00f3ricos do Museu \u201cMariano Proc\u00f3pio\u201d e do parque, al\u00e9m da restaura\u00e7\u00e3o de pe\u00e7as decorativas. O recurso tem como base emenda do deputado federal Marcus Pestana, e a Prefeitura de Juiz de Fora (PJF) entrar\u00e1 com contrapartida de R$50.006,70. [&hellip;]<\/p>\n","protected":false},"author":96,"featured_media":87333,"comment_status":"closed","ping_status":"closed","sticky":false,"template":"","format":"standard","meta":{"footnotes":""},"categories":[256],"tags":[],"class_list":["post-87334","post","type-post","status-publish","format-standard","has-post-thumbnail","hentry","category-cultura"],"_links":{"self":[{"href":"https:\/\/diarioregionaldigital.com.br\/index.php?rest_route=\/wp\/v2\/posts\/87334","targetHints":{"allow":["GET"]}}],"collection":[{"href":"https:\/\/diarioregionaldigital.com.br\/index.php?rest_route=\/wp\/v2\/posts"}],"about":[{"href":"https:\/\/diarioregionaldigital.com.br\/index.php?rest_route=\/wp\/v2\/types\/post"}],"author":[{"embeddable":true,"href":"https:\/\/diarioregionaldigital.com.br\/index.php?rest_route=\/wp\/v2\/users\/96"}],"replies":[{"embeddable":true,"href":"https:\/\/diarioregionaldigital.com.br\/index.php?rest_route=%2Fwp%2Fv2%2Fcomments&post=87334"}],"version-history":[{"count":0,"href":"https:\/\/diarioregionaldigital.com.br\/index.php?rest_route=\/wp\/v2\/posts\/87334\/revisions"}],"wp:featuredmedia":[{"embeddable":true,"href":"https:\/\/diarioregionaldigital.com.br\/index.php?rest_route=\/wp\/v2\/media\/87333"}],"wp:attachment":[{"href":"https:\/\/diarioregionaldigital.com.br\/index.php?rest_route=%2Fwp%2Fv2%2Fmedia&parent=87334"}],"wp:term":[{"taxonomy":"category","embeddable":true,"href":"https:\/\/diarioregionaldigital.com.br\/index.php?rest_route=%2Fwp%2Fv2%2Fcategories&post=87334"},{"taxonomy":"post_tag","embeddable":true,"href":"https:\/\/diarioregionaldigital.com.br\/index.php?rest_route=%2Fwp%2Fv2%2Ftags&post=87334"}],"curies":[{"name":"wp","href":"https:\/\/api.w.org\/{rel}","templated":true}]}}