{"id":87332,"date":"2017-12-12T23:31:56","date_gmt":"2017-12-13T01:31:56","guid":{"rendered":"http:\/\/diarioregionaljf.com.br\/2017\/12\/12\/juiz-de-fora-nao-devera-ter-desfiles-competitivos-em-2018\/"},"modified":"2017-12-12T23:31:56","modified_gmt":"2017-12-13T01:31:56","slug":"juiz-de-fora-nao-devera-ter-desfiles-competitivos-em-2018","status":"publish","type":"post","link":"https:\/\/diarioregionaldigital.com.br\/?p=87332","title":{"rendered":"Juiz de Fora n\u00e3o dever\u00e1 ter desfiles competitivos em 2018"},"content":{"rendered":"<p>Devido \u00e0 crise financeira que a Prefeitura de Juiz de Fora (PJF) enfrenta, \u00e9 poss\u00edvel que os desfiles competitivos do carnaval n\u00e3o ocorram na cidade no pr\u00f3ximo ano. A informa\u00e7\u00e3o foi apresentada pelo superintendente da Funda\u00e7\u00e3o Cultural Alfredo Ferreira Lage (Funalfa), R\u00f4mulo Veiga, durante audi\u00eancia p\u00fablica realizada na tarde dessa ter\u00e7a-feira, 12, no plen\u00e1rio da C\u00e2mara Municipal, para debater o assunto.<\/p>\n<p>Conforme Veiga, o recurso para o carnaval, or\u00e7ado em R$1,2 milh\u00e3o \u00e9 considerado \u201calto\u201d para a realidade financeira do munic\u00edpio, uma vez que a PJF n\u00e3o recebe incentivo financeiro dos governos estadual e federal para custear o evento. Segundo ele, o valor corresponde a cerca de 10% do or\u00e7amento anual da Funalfa, que \u00e9 de R$19 milh\u00f5es. A alternativa para que a festa ocorra seria a viabiliza\u00e7\u00e3o de recursos atrav\u00e9s da Lei Federal n\u00ba 8.313\/1991 (Lei Rouanet), em que empresas que investem na cultura podem ter o total ou parte do valor aplicado deduzido do imposto devido, medida que est\u00e1 longe de acontecer.<\/p>\n<p>\u201cA Prefeitura sozinha n\u00e3o consegue bancar o carnaval do pr\u00f3ximo ano. Em janeiro de 2017, cheguei a dizer que se n\u00e3o capt\u00e1ssemos receitas a partir do projeto de incentivo fiscal, n\u00e3o conseguir\u00edamos realizar a festa, e como a liga depende 100% do executivo tudo indica que n\u00e3o teremos desfile. Temos at\u00e9 o dia 31 deste m\u00eas para arrecadar o dinheiro, estamos procurando fechar parceiras com empresas locais e de fora da cidade\u201d, afirmou.<\/p>\n<p>O superintendente explicou que nos \u00faltimos 30 anos a PJF chegou a investir mais de R$50 milh\u00f5es nas escolas de samba e na concess\u00e3o de espa\u00e7os, como quadros para realiza\u00e7\u00e3o de atividades culturais e sociais. Entretanto, a Veiga ressalta que a Liga Independente das Escolas de Samba da cidade (Liesjuf), principal agente, n\u00e3o possui um planejamento que visa garantir verba para realizar os desfiles. Na vis\u00e3o dele, a prioridade \u00e9 a implanta\u00e7\u00e3o de um Fundo de Requalifica\u00e7\u00e3o e a cria\u00e7\u00e3o de um calend\u00e1rio de eventos para gerar recursos.<\/p>\n<p>\u201cEscolas e ligas n\u00e3o possuem calend\u00e1rio anual de eventos. Em outros locais, escolas e ligas trabalham em conjunto. Elas elaboraram calend\u00e1rios, promovem eventos e shows quinzenalmente para consegui dinheiro para a manuten\u00e7\u00e3o do carnaval do pr\u00f3ximo ano. Mas isso n\u00e3o acontece em Juiz de Fora\u201d, disse.<\/p>\n<p>Al\u00e9m do entretenimento dos juiz-foranos e de pessoas da regi\u00e3o, o carnaval tem como prop\u00f3sito fomentar o turismo e assim, atrair turistas e recursos para o munic\u00edpio. Mas a aus\u00eancia do evento no munic\u00edpio tem proporcionado insatisfa\u00e7\u00e3o nos foli\u00f5es. \u201cLevei um susto quando recebi a not\u00edcia de que n\u00e3o ter\u00e1 carnaval. Desde maio temos nos reunido para organiz\u00e1-lo, mas agora chegam e falam que n\u00e3o tem verba. Quantas pessoas, quantos jovens que poderiam participar das escolas de samba e sa\u00edrem do caminho do crime? Ano passado cen\u00e1rio era parecido, levaram o carnaval para o parque de exposi\u00e7\u00e3o, todo mundo se divertiu, participou sem nenhum problema, mas em 2018 parece que n\u00e3o vai ter\u201d, comentou Juliano Silva, morador do bairro Santa Efig\u00eania, zona Sul.<\/p>\n<p>De acordo com o diretor de eventos da Liesjuf, Adriano da Silva, a entidade vem trabalhando em prol da realiza\u00e7\u00e3o dos desfiles. Em contrapartida ao superintendente da Funalfa, ele cita a realiza\u00e7\u00e3o do carnaval no Parque de exposi\u00e7\u00e3o e a comemora\u00e7\u00e3o de 50 anos da festa na Pra\u00e7a Antonio Carlos como projetos organizados pela liga, e que inclusive tentou se reunir com representantes da funda\u00e7\u00e3o para planejar o evento do pr\u00f3ximo ano, mas que n\u00e3o recebeu a devida aten\u00e7\u00e3o. \u201cTentei conversar com os representantes da Funalfa em agosto, mas n\u00e3o consegui. Senti que eles n\u00e3o precisavam do meu apoio. Entendo que a Prefeitura \u00e9 atravessada por uma crise, mas o pior \u00e9 anunciar que uma festa t\u00e3o bonita e esperada pelo povo da cidade n\u00e3o ir\u00e1 acontecer\u201d, lembra.<\/p>\n<p>O vereador Wanderson Castelar (PT), propositor da audi\u00eancia, defende que a falta do evento reflete muito na economia do munic\u00edpio, culminando no afastamento de turista, o que faz com que o faturamento seja menor e, assim, que menos funcion\u00e1rios sejam contratados na \u00e9poca do ano. Em 2016, a situa\u00e7\u00e3o foi parecida, os desfiles foram cancelados em raz\u00e3o da falta de verba, ap\u00f3s a Funalfa reduzir em 50% o repasse financeiro para as escolas.<\/p>\n","protected":false},"excerpt":{"rendered":"<p>Devido \u00e0 crise financeira que a Prefeitura de Juiz de Fora (PJF) enfrenta, \u00e9 poss\u00edvel que os desfiles competitivos do carnaval n\u00e3o ocorram na cidade no pr\u00f3ximo ano. A informa\u00e7\u00e3o foi apresentada pelo superintendente da Funda\u00e7\u00e3o Cultural Alfredo Ferreira Lage (Funalfa), R\u00f4mulo Veiga, durante audi\u00eancia p\u00fablica realizada na tarde dessa ter\u00e7a-feira, 12, no plen\u00e1rio da [&hellip;]<\/p>\n","protected":false},"author":96,"featured_media":87331,"comment_status":"closed","ping_status":"closed","sticky":false,"template":"","format":"standard","meta":{"footnotes":""},"categories":[253],"tags":[],"class_list":["post-87332","post","type-post","status-publish","format-standard","has-post-thumbnail","hentry","category-cidade"],"_links":{"self":[{"href":"https:\/\/diarioregionaldigital.com.br\/index.php?rest_route=\/wp\/v2\/posts\/87332","targetHints":{"allow":["GET"]}}],"collection":[{"href":"https:\/\/diarioregionaldigital.com.br\/index.php?rest_route=\/wp\/v2\/posts"}],"about":[{"href":"https:\/\/diarioregionaldigital.com.br\/index.php?rest_route=\/wp\/v2\/types\/post"}],"author":[{"embeddable":true,"href":"https:\/\/diarioregionaldigital.com.br\/index.php?rest_route=\/wp\/v2\/users\/96"}],"replies":[{"embeddable":true,"href":"https:\/\/diarioregionaldigital.com.br\/index.php?rest_route=%2Fwp%2Fv2%2Fcomments&post=87332"}],"version-history":[{"count":0,"href":"https:\/\/diarioregionaldigital.com.br\/index.php?rest_route=\/wp\/v2\/posts\/87332\/revisions"}],"wp:featuredmedia":[{"embeddable":true,"href":"https:\/\/diarioregionaldigital.com.br\/index.php?rest_route=\/wp\/v2\/media\/87331"}],"wp:attachment":[{"href":"https:\/\/diarioregionaldigital.com.br\/index.php?rest_route=%2Fwp%2Fv2%2Fmedia&parent=87332"}],"wp:term":[{"taxonomy":"category","embeddable":true,"href":"https:\/\/diarioregionaldigital.com.br\/index.php?rest_route=%2Fwp%2Fv2%2Fcategories&post=87332"},{"taxonomy":"post_tag","embeddable":true,"href":"https:\/\/diarioregionaldigital.com.br\/index.php?rest_route=%2Fwp%2Fv2%2Ftags&post=87332"}],"curies":[{"name":"wp","href":"https:\/\/api.w.org\/{rel}","templated":true}]}}