{"id":87328,"date":"2017-12-12T23:18:49","date_gmt":"2017-12-13T01:18:49","guid":{"rendered":"http:\/\/diarioregionaljf.com.br\/2017\/12\/12\/pm-recupera-cerca-de-r-200-mil-em-pecas-de-aluminio-roubadas\/"},"modified":"2017-12-12T23:18:49","modified_gmt":"2017-12-13T01:18:49","slug":"pm-recupera-cerca-de-r-200-mil-em-pecas-de-aluminio-roubadas","status":"publish","type":"post","link":"https:\/\/diarioregionaldigital.com.br\/?p=87328","title":{"rendered":"PM recupera cerca de R$200 mil em pe\u00e7as de alum\u00ednio roubadas"},"content":{"rendered":"<p>Ap\u00f3s recebimento de den\u00fancia, a Pol\u00edcia Militar (PM) recuperou uma carga de materiais de alum\u00ednio, roubada em 2016 e or\u00e7ada em cerca de R$200 mil, em um galp\u00e3o na Rua Domingos Lopes, bairro Nossa Senhora das Gra\u00e7as, zona Nordeste de Juiz de Fora, na noite dessa segunda-feira, 11. Um homem de 40 anos, suspeito de receptar o material, foi preso.<\/p>\n<p>Segundo informa\u00e7\u00f5es do Boletim de Ocorr\u00eancias (BO) da PM, a v\u00edtima, um empres\u00e1rio do ramo de metais da cidade de Itatiba (SP), relatou que em agosto de 2016 recebeu um pedido de or\u00e7amento de uma empresa da Bahia. Ainda segundo ele, foram feitas pesquisas de refer\u00eancia e n\u00e3o foram encontradas diverg\u00eancias ou irregularidades em rela\u00e7\u00e3o \u00e0 compradora.<\/p>\n<p>O material foi fabricado e retirado por uma transportadora, mas n\u00e3o chegou \u00e0 ser entregue em seu destino final. Diante de tais fatos, o fabricante n\u00e3o recebeu pela carga, cerca de 14 toneladas de pe\u00e7as de alum\u00ednio.<\/p>\n<p>O empres\u00e1rio relatou, ainda, ter tomado conhecimento de uma situa\u00e7\u00e3o semelhante, registrada pela Pol\u00edcia Civil (PC) do Esp\u00edrito Santo, sendo a v\u00edtima outra pessoa jur\u00eddica que trabalha com produtos de metal naquele estado. No caso em quest\u00e3o, o material roubado teria sido recuperado em um im\u00f3vel na Rua Domingos Lopes, em Juiz de Fora.<\/p>\n<p>Ainda conforme o BO, de posse das informa\u00e7\u00f5es repassadas pela v\u00edtima, uma equipe da Pol\u00edcia Militar se deslocou at\u00e9 o referido local para verificar a situa\u00e7\u00e3o. O port\u00e3o do galp\u00e3o encontrava-se fechado, mas, pelos basculantes, os militares da guarni\u00e7\u00e3o verificaram que havia material condizente com os fatos apresentados pela v\u00edtima.<\/p>\n<p>Em contato com o delegado de plant\u00e3o, foram levantadas informa\u00e7\u00f5es sobre a ocorr\u00eancia de recupera\u00e7\u00e3o da carga da empresa do Esp\u00edrito Santo e verificado que o autor da recepta\u00e7\u00e3o seria o propriet\u00e1rio do galp\u00e3o.<\/p>\n<p>Ap\u00f3s acesso ao local, um perito realizou os servi\u00e7os de praxe e constatou que as pe\u00e7as continham as etiquetas de identifica\u00e7\u00e3o informadas pela v\u00edtima, que tamb\u00e9m reconheceu os produtos.<\/p>\n<p>Informa\u00e7\u00f5es levantadas pelos policiais tamb\u00e9m davam conta de que o propriet\u00e1rio do galp\u00e3o j\u00e1 havia sido conduzido, em data anterior, pela mesma pr\u00e1tica. Uma guarni\u00e7\u00e3o se deslocou at\u00e9 a resid\u00eancia do suspeito, que confirmou ser dono do im\u00f3vel e do material. O autor afirmou, ainda, que n\u00e3o sabia a real situa\u00e7\u00e3o dos produtos e que teria adquirido os mesmos de um senhor, sem nota fiscal, pelo valor R$11 o quilo.<\/p>\n<p>Ainda segundo o suspeito, ele n\u00e3o teria comparado o nome constante na mercadoria com o nome de quem lhe vendeu as pe\u00e7as. A pedido do mesmo, os policiais se deslocaram at\u00e9 sua loja, na tentativa de verificar quem seria o vendedor, por meio de imagens das c\u00e2meras de seguran\u00e7a.<\/p>\n<p>Ap\u00f3s verifica\u00e7\u00f5es em sistema, uma das equipes se deslocou at\u00e9 a casa do poss\u00edvel vendedor, mas o mesmo n\u00e3o foi encontrado. A esposa do suspeito informou que ele \u00e9 representante comercial e estava viajando.<\/p>\n<p>Diante dos fatos, foi dado voz de pris\u00e3o ao dono do galp\u00e3o, que foi conduzido, juntamente com a v\u00edtima e testemunhas, para a delegacia de plant\u00e3o.<\/p>\n<p>&nbsp;<\/p>\n<p>O material recuperado ser\u00e1 restitu\u00eddo pela v\u00edtima.<\/p>\n<p>No galp\u00e3o, tamb\u00e9m foram removidos dois ve\u00edculos e uma carretinha para transporte, ve\u00edculos que podem ter sido utilizados para pr\u00e1tica de infra\u00e7\u00e3o penal.<\/p>\n","protected":false},"excerpt":{"rendered":"<p>Ap\u00f3s recebimento de den\u00fancia, a Pol\u00edcia Militar (PM) recuperou uma carga de materiais de alum\u00ednio, roubada em 2016 e or\u00e7ada em cerca de R$200 mil, em um galp\u00e3o na Rua Domingos Lopes, bairro Nossa Senhora das Gra\u00e7as, zona Nordeste de Juiz de Fora, na noite dessa segunda-feira, 11. Um homem de 40 anos, suspeito de [&hellip;]<\/p>\n","protected":false},"author":96,"featured_media":87327,"comment_status":"closed","ping_status":"closed","sticky":false,"template":"","format":"standard","meta":{"footnotes":""},"categories":[253],"tags":[],"class_list":["post-87328","post","type-post","status-publish","format-standard","has-post-thumbnail","hentry","category-cidade"],"_links":{"self":[{"href":"https:\/\/diarioregionaldigital.com.br\/index.php?rest_route=\/wp\/v2\/posts\/87328","targetHints":{"allow":["GET"]}}],"collection":[{"href":"https:\/\/diarioregionaldigital.com.br\/index.php?rest_route=\/wp\/v2\/posts"}],"about":[{"href":"https:\/\/diarioregionaldigital.com.br\/index.php?rest_route=\/wp\/v2\/types\/post"}],"author":[{"embeddable":true,"href":"https:\/\/diarioregionaldigital.com.br\/index.php?rest_route=\/wp\/v2\/users\/96"}],"replies":[{"embeddable":true,"href":"https:\/\/diarioregionaldigital.com.br\/index.php?rest_route=%2Fwp%2Fv2%2Fcomments&post=87328"}],"version-history":[{"count":0,"href":"https:\/\/diarioregionaldigital.com.br\/index.php?rest_route=\/wp\/v2\/posts\/87328\/revisions"}],"wp:featuredmedia":[{"embeddable":true,"href":"https:\/\/diarioregionaldigital.com.br\/index.php?rest_route=\/wp\/v2\/media\/87327"}],"wp:attachment":[{"href":"https:\/\/diarioregionaldigital.com.br\/index.php?rest_route=%2Fwp%2Fv2%2Fmedia&parent=87328"}],"wp:term":[{"taxonomy":"category","embeddable":true,"href":"https:\/\/diarioregionaldigital.com.br\/index.php?rest_route=%2Fwp%2Fv2%2Fcategories&post=87328"},{"taxonomy":"post_tag","embeddable":true,"href":"https:\/\/diarioregionaldigital.com.br\/index.php?rest_route=%2Fwp%2Fv2%2Ftags&post=87328"}],"curies":[{"name":"wp","href":"https:\/\/api.w.org\/{rel}","templated":true}]}}