{"id":87326,"date":"2017-12-12T22:34:35","date_gmt":"2017-12-13T00:34:35","guid":{"rendered":"http:\/\/diarioregionaljf.com.br\/2017\/12\/12\/copa-prefeitura-bahamas-cerimonia-de-premiacao-sera-realizada-nesta-quarta-feira\/"},"modified":"2017-12-12T22:34:35","modified_gmt":"2017-12-13T00:34:35","slug":"copa-prefeitura-bahamas-cerimonia-de-premiacao-sera-realizada-nesta-quarta-feira","status":"publish","type":"post","link":"https:\/\/diarioregionaldigital.com.br\/?p=87326","title":{"rendered":"Copa Prefeitura Bahamas: Cerim\u00f4nia de Premia\u00e7\u00e3o ser\u00e1 realizada nesta quarta-feira"},"content":{"rendered":"<p>Ser\u00e1 realizada na noite desta quarta-feira, 13, a cerim\u00f4nia de premia\u00e7\u00e3o da CopaPrefeitura Bahamas de Futebol Amador para convidados.<\/p>\n<p>Representantes dos times que disputaram a Copa PJF Bahamas de Futebol Amador edi\u00e7\u00e3o 2017 participam da cerim\u00f4nia de encerramento da competi\u00e7\u00e3o, e ser\u00e3o premiados os destaques individuais do campeonato, al\u00e9m das homenagens a v\u00e1rias personalidades que colaboraram para o sucesso da competi\u00e7\u00e3o este ano.<\/p>\n<p>A solenidade marca a entrega de pr\u00eamios tradicionais da competi\u00e7\u00e3o como: Ta\u00e7a disciplina, defesa menos vazada e artilheiro das 11 categorias. Al\u00e9m das escolha dos tr\u00eas melhores \u00e1rbitros da competi\u00e7\u00e3o e a homenagem ao autor do mil\u00e9simo gol.<\/p>\n","protected":false},"excerpt":{"rendered":"<p>Ser\u00e1 realizada na noite desta quarta-feira, 13, a cerim\u00f4nia de premia\u00e7\u00e3o da CopaPrefeitura Bahamas de Futebol Amador para convidados. Representantes dos times que disputaram a Copa PJF Bahamas de Futebol Amador edi\u00e7\u00e3o 2017 participam da cerim\u00f4nia de encerramento da competi\u00e7\u00e3o, e ser\u00e3o premiados os destaques individuais do campeonato, al\u00e9m das homenagens a v\u00e1rias personalidades que [&hellip;]<\/p>\n","protected":false},"author":96,"featured_media":0,"comment_status":"closed","ping_status":"closed","sticky":false,"template":"","format":"standard","meta":{"footnotes":""},"categories":[257],"tags":[],"class_list":["post-87326","post","type-post","status-publish","format-standard","hentry","category-esporte"],"_links":{"self":[{"href":"https:\/\/diarioregionaldigital.com.br\/index.php?rest_route=\/wp\/v2\/posts\/87326","targetHints":{"allow":["GET"]}}],"collection":[{"href":"https:\/\/diarioregionaldigital.com.br\/index.php?rest_route=\/wp\/v2\/posts"}],"about":[{"href":"https:\/\/diarioregionaldigital.com.br\/index.php?rest_route=\/wp\/v2\/types\/post"}],"author":[{"embeddable":true,"href":"https:\/\/diarioregionaldigital.com.br\/index.php?rest_route=\/wp\/v2\/users\/96"}],"replies":[{"embeddable":true,"href":"https:\/\/diarioregionaldigital.com.br\/index.php?rest_route=%2Fwp%2Fv2%2Fcomments&post=87326"}],"version-history":[{"count":0,"href":"https:\/\/diarioregionaldigital.com.br\/index.php?rest_route=\/wp\/v2\/posts\/87326\/revisions"}],"wp:attachment":[{"href":"https:\/\/diarioregionaldigital.com.br\/index.php?rest_route=%2Fwp%2Fv2%2Fmedia&parent=87326"}],"wp:term":[{"taxonomy":"category","embeddable":true,"href":"https:\/\/diarioregionaldigital.com.br\/index.php?rest_route=%2Fwp%2Fv2%2Fcategories&post=87326"},{"taxonomy":"post_tag","embeddable":true,"href":"https:\/\/diarioregionaldigital.com.br\/index.php?rest_route=%2Fwp%2Fv2%2Ftags&post=87326"}],"curies":[{"name":"wp","href":"https:\/\/api.w.org\/{rel}","templated":true}]}}