{"id":87313,"date":"2017-12-12T22:04:56","date_gmt":"2017-12-13T00:04:56","guid":{"rendered":"http:\/\/diarioregionaljf.com.br\/2017\/12\/12\/conab-mantem-previsao-de-queda-na-producao-de-graos-e-aumento-da-area-plantada\/"},"modified":"2017-12-12T22:04:56","modified_gmt":"2017-12-13T00:04:56","slug":"conab-mantem-previsao-de-queda-na-producao-de-graos-e-aumento-da-area-plantada","status":"publish","type":"post","link":"https:\/\/diarioregionaldigital.com.br\/?p=87313","title":{"rendered":"Conab mant\u00e9m previs\u00e3o de queda na produ\u00e7\u00e3o de gr\u00e3os e aumento da \u00e1rea plantada"},"content":{"rendered":"<p>A Companhia Nacional de Abastecimento (Conab) atualizou hoje, 12, sua estimativa para a colheita de gr\u00e3os na safra 2017\/2018, mantendo a previs\u00e3o de que, em compara\u00e7\u00e3o \u00e0 \u00faltima safra, a produ\u00e7\u00e3o ser\u00e1 menor, enquanto a \u00e1rea plantada ser\u00e1 maior.<\/p>\n<p>No in\u00edcio de novembro, os t\u00e9cnicos da companhia respons\u00e1vel por monitorar a trajet\u00f3ria da produ\u00e7\u00e3o agr\u00edcola brasileira j\u00e1 tinham anunciado a expectativa de que a produ\u00e7\u00e3o de gr\u00e3os ficasse entre 223,3 milh\u00f5es e 227,5 milh\u00f5es de toneladas.<\/p>\n<p>Agora, os t\u00e9cnicos cravam em uma safra prevista de 226,5 milh\u00f5es de toneladas, ou seja, 4,7% inferior aos 237,7 milh\u00f5es de toneladas de gr\u00e3os colhidos na safra 2016\/2017. Aquela havia sido a maior marca j\u00e1 alcan\u00e7ada no pa\u00eds e j\u00e1 na \u00e9poca, os t\u00e9cnicos da Conab afirmavam que dificilmente se repetiria, j\u00e1 que fora alcan\u00e7ada gra\u00e7as a uma conflu\u00eancia de fatores, como excelentes condi\u00e7\u00f5es clim\u00e1ticas.<\/p>\n<p>J\u00e1 a \u00e1rea total plantada pode chegar a 61,5 milh\u00f5es de hectares, um aumento de 0,9% em compara\u00e7\u00e3o \u00e0 \u00faltima safra. A alta \u00e9 puxada pelo incremento da produ\u00e7\u00e3o de feij\u00e3o preto, de algod\u00e3o e, principalmente, de soja, cuja maior liquidez e rentabilidade motivou os agricultores a plantar cerca de 1 milh\u00e3o de hectares a mais que na safra de 2016\/2017. Por outro lado, a \u00e1rea destinada ao plantio do milho primeira safra deve diminuir 9,6%.<\/p>\n<p>Segundo o presidente da companhia, Francisco Marcelo Bezerra, a produ\u00e7\u00e3o dever\u00e1 ser afetada principalmente pela diminui\u00e7\u00e3o da produ\u00e7\u00e3o de arroz, feij\u00e3o, milho e soja, embora os dois \u00faltimos continuem os preferidos dos produtores, respondendo por cerca de 89% dos gr\u00e3os colhidos no pa\u00eds. Al\u00e9m disso, Bezerra lembrou que as condi\u00e7\u00f5es meteorol\u00f3gicas adversas causaram perdas significativas \u00e0s culturas de inverno.<\/p>\n<p>A soja deve alcan\u00e7ar 109,2 milh\u00f5es de toneladas contra 114,1 milh\u00f5es do \u00faltimo per\u00edodo. J\u00e1 a expectativa para o milho total \u00e9 de 92,2 milh\u00f5es, contra 97,8 milh\u00f5es de toneladas distribu\u00eddos entre primeira e segunda safras no per\u00edodo 2016\/2017. A primeira safra pode alcan\u00e7ar n\u00fameros menores no ciclo atual e ficar em 25 milh\u00f5es de toneladas, enquanto que a segunda safra pode alcan\u00e7ar 67,2 milh\u00f5es, quase igualando o registro da produ\u00e7\u00e3o passada, de 67,4 milh\u00f5es de toneladas.<\/p>\n<p>Ao anunciar os resultados do terceiro levantamento, Bezerra destacou a perspectiva de que a colheita do algod\u00e3o em pluma alcance 1,7 milh\u00e3o de toneladas, o que representaria um aumento de 10,2% na produ\u00e7\u00e3o e de 11% na \u00e1rea plantada.<\/p>\n<p><strong>Redu\u00e7\u00e3o &#8220;perfeitamente explic\u00e1vel&#8221;<\/strong><\/p>\n<p>Presente ao an\u00fancio do terceiro levantamento da safra, o secret\u00e1rio-substituto de Pol\u00edtica Agr\u00edcola do Minist\u00e9rio da Agricultura, Pecu\u00e1ria e Abastecimento, S\u00e1vio Pereira, destacou que a previs\u00e3o de redu\u00e7\u00e3o da produ\u00e7\u00e3o \u00e9 \u201cperfeitamente explic\u00e1vel\u201d.<\/p>\n<p>\u201cTemos ainda uma safra imensa para o ano que vem e se o clima continuar perfeito podemos, eventualmente, atingir um novo recorde de produ\u00e7\u00e3o&#8221;, avaliou Pereira. Sobre o crescimento da \u00e1rea plantada, ele afirmou que &#8220;s\u00e3o oito anos de crescimento cont\u00ednuo. Nas \u00faltimas nove safras, o pa\u00eds registrou um aumento m\u00e9dio anual de 1,8 milh\u00f5es de hectares\u201d.<\/p>\n<p>O secret\u00e1rio tamb\u00e9m comemorou os resultados das exporta\u00e7\u00f5es agr\u00edcolas. \u201cAt\u00e9 novembro, j\u00e1 t\u00ednhamos exportado 80 milh\u00f5es de toneladas do complexo de soja [soja, farelo e \u00f3leo da oleaginosa], o que representa um crescimento de 30% no escoamento da soja, resultando em uma receita de cerca de R$30 bilh\u00f5es.\u201d<\/p>\n<hr \/>\n<p>&nbsp;Fonte: Ag\u00eancia Brasil<\/p>\n","protected":false},"excerpt":{"rendered":"<p>A Companhia Nacional de Abastecimento (Conab) atualizou hoje, 12, sua estimativa para a colheita de gr\u00e3os na safra 2017\/2018, mantendo a previs\u00e3o de que, em compara\u00e7\u00e3o \u00e0 \u00faltima safra, a produ\u00e7\u00e3o ser\u00e1 menor, enquanto a \u00e1rea plantada ser\u00e1 maior. No in\u00edcio de novembro, os t\u00e9cnicos da companhia respons\u00e1vel por monitorar a trajet\u00f3ria da produ\u00e7\u00e3o agr\u00edcola [&hellip;]<\/p>\n","protected":false},"author":96,"featured_media":87312,"comment_status":"closed","ping_status":"closed","sticky":false,"template":"","format":"standard","meta":{"footnotes":""},"categories":[261],"tags":[],"class_list":["post-87313","post","type-post","status-publish","format-standard","has-post-thumbnail","hentry","category-economia"],"_links":{"self":[{"href":"https:\/\/diarioregionaldigital.com.br\/index.php?rest_route=\/wp\/v2\/posts\/87313","targetHints":{"allow":["GET"]}}],"collection":[{"href":"https:\/\/diarioregionaldigital.com.br\/index.php?rest_route=\/wp\/v2\/posts"}],"about":[{"href":"https:\/\/diarioregionaldigital.com.br\/index.php?rest_route=\/wp\/v2\/types\/post"}],"author":[{"embeddable":true,"href":"https:\/\/diarioregionaldigital.com.br\/index.php?rest_route=\/wp\/v2\/users\/96"}],"replies":[{"embeddable":true,"href":"https:\/\/diarioregionaldigital.com.br\/index.php?rest_route=%2Fwp%2Fv2%2Fcomments&post=87313"}],"version-history":[{"count":0,"href":"https:\/\/diarioregionaldigital.com.br\/index.php?rest_route=\/wp\/v2\/posts\/87313\/revisions"}],"wp:featuredmedia":[{"embeddable":true,"href":"https:\/\/diarioregionaldigital.com.br\/index.php?rest_route=\/wp\/v2\/media\/87312"}],"wp:attachment":[{"href":"https:\/\/diarioregionaldigital.com.br\/index.php?rest_route=%2Fwp%2Fv2%2Fmedia&parent=87313"}],"wp:term":[{"taxonomy":"category","embeddable":true,"href":"https:\/\/diarioregionaldigital.com.br\/index.php?rest_route=%2Fwp%2Fv2%2Fcategories&post=87313"},{"taxonomy":"post_tag","embeddable":true,"href":"https:\/\/diarioregionaldigital.com.br\/index.php?rest_route=%2Fwp%2Fv2%2Ftags&post=87313"}],"curies":[{"name":"wp","href":"https:\/\/api.w.org\/{rel}","templated":true}]}}