{"id":87307,"date":"2017-12-12T21:47:56","date_gmt":"2017-12-12T23:47:56","guid":{"rendered":"http:\/\/diarioregionaljf.com.br\/2017\/12\/12\/dolar-fecha-perto-de-r-3-33-maior-valor-em-cinco-meses\/"},"modified":"2017-12-12T21:47:56","modified_gmt":"2017-12-12T23:47:56","slug":"dolar-fecha-perto-de-r-3-33-maior-valor-em-cinco-meses","status":"publish","type":"post","link":"https:\/\/diarioregionaldigital.com.br\/?p=87307","title":{"rendered":"D\u00f3lar fecha perto de R$3,33, maior valor em cinco meses"},"content":{"rendered":"<p>Num dia de tens\u00f5es no mercado de c\u00e2mbio, a moeda norte-americana fechou no maior valor em quase seis meses. O d\u00f3lar comercial encerrou esta ter\u00e7a-feira, 12, vendido a R$3,328, com alta de R$0,031 (0,93%). A divisa est\u00e1 no n\u00edvel mais alto desde 23 de junho (R$ 3,339).<\/p>\n<p>O d\u00f3lar come\u00e7ou o dia operando em baixa, mas disparou no decorrer do dia. A alta ocorre em meio \u00e0s negocia\u00e7\u00f5es para a vota\u00e7\u00e3o da reforma da Previd\u00eancia.<\/p>\n<p>Na bolsa de valores, o dia foi de otimismo. Em alta pela terceira sess\u00e3o seguida, o \u00edndice Ibovespa, da Bolsa de Valores de S\u00e3o Paulo, fechou a ter\u00e7a-feira com valoriza\u00e7\u00e3o de 1,39%, aos 73.814 pontos.<\/p>\n<hr \/>\n<p>&nbsp;Fonte: Ag\u00eancia Brasil<\/p>\n","protected":false},"excerpt":{"rendered":"<p>Num dia de tens\u00f5es no mercado de c\u00e2mbio, a moeda norte-americana fechou no maior valor em quase seis meses. O d\u00f3lar comercial encerrou esta ter\u00e7a-feira, 12, vendido a R$3,328, com alta de R$0,031 (0,93%). A divisa est\u00e1 no n\u00edvel mais alto desde 23 de junho (R$ 3,339). O d\u00f3lar come\u00e7ou o dia operando em baixa, [&hellip;]<\/p>\n","protected":false},"author":96,"featured_media":87306,"comment_status":"closed","ping_status":"closed","sticky":false,"template":"","format":"standard","meta":{"footnotes":""},"categories":[261],"tags":[],"class_list":["post-87307","post","type-post","status-publish","format-standard","has-post-thumbnail","hentry","category-economia"],"_links":{"self":[{"href":"https:\/\/diarioregionaldigital.com.br\/index.php?rest_route=\/wp\/v2\/posts\/87307","targetHints":{"allow":["GET"]}}],"collection":[{"href":"https:\/\/diarioregionaldigital.com.br\/index.php?rest_route=\/wp\/v2\/posts"}],"about":[{"href":"https:\/\/diarioregionaldigital.com.br\/index.php?rest_route=\/wp\/v2\/types\/post"}],"author":[{"embeddable":true,"href":"https:\/\/diarioregionaldigital.com.br\/index.php?rest_route=\/wp\/v2\/users\/96"}],"replies":[{"embeddable":true,"href":"https:\/\/diarioregionaldigital.com.br\/index.php?rest_route=%2Fwp%2Fv2%2Fcomments&post=87307"}],"version-history":[{"count":0,"href":"https:\/\/diarioregionaldigital.com.br\/index.php?rest_route=\/wp\/v2\/posts\/87307\/revisions"}],"wp:featuredmedia":[{"embeddable":true,"href":"https:\/\/diarioregionaldigital.com.br\/index.php?rest_route=\/wp\/v2\/media\/87306"}],"wp:attachment":[{"href":"https:\/\/diarioregionaldigital.com.br\/index.php?rest_route=%2Fwp%2Fv2%2Fmedia&parent=87307"}],"wp:term":[{"taxonomy":"category","embeddable":true,"href":"https:\/\/diarioregionaldigital.com.br\/index.php?rest_route=%2Fwp%2Fv2%2Fcategories&post=87307"},{"taxonomy":"post_tag","embeddable":true,"href":"https:\/\/diarioregionaldigital.com.br\/index.php?rest_route=%2Fwp%2Fv2%2Ftags&post=87307"}],"curies":[{"name":"wp","href":"https:\/\/api.w.org\/{rel}","templated":true}]}}