{"id":87305,"date":"2017-12-12T21:47:34","date_gmt":"2017-12-12T23:47:34","guid":{"rendered":"http:\/\/diarioregionaljf.com.br\/2017\/12\/12\/senado-aprova-fundo-de-seguranca-publica-para-estados\/"},"modified":"2017-12-12T21:47:34","modified_gmt":"2017-12-12T23:47:34","slug":"senado-aprova-fundo-de-seguranca-publica-para-estados","status":"publish","type":"post","link":"https:\/\/diarioregionaldigital.com.br\/?p=87305","title":{"rendered":"Senado aprova fundo de seguran\u00e7a p\u00fablica para estados"},"content":{"rendered":"<p>O Senado aprovou, em segundo turno, a proposta de emenda \u00e0 Constitui\u00e7\u00e3o que institui o Fundo Nacional de Desenvolvimento da Seguran\u00e7a P\u00fablica. A PEC, que objetiva separar recursos para as for\u00e7as policiais dos estados e do Distrito Federal, segue agora para an\u00e1lise da C\u00e2mara dos Deputados.<\/p>\n<p>Segundo a proposta, o financiamento do fundo vir\u00e1 de parte da arrecada\u00e7\u00e3o de impostos cobrados de ind\u00fastrias de armamento, de empresas de seguran\u00e7a privada e de contribui\u00e7\u00f5es com parcela do lucro l\u00edquido das institui\u00e7\u00f5es banc\u00e1rias e financeiras.<br \/>Ap\u00f3s apreciado em primeiro turno na semana passada, o texto foi aprovado pela unanimidade dos 62 senadores presentes na sess\u00e3o dessa ter\u00e7a-feira, 12.<\/p>\n<p>Na vota\u00e7\u00e3o anterior, os senadores decidiram retirar dois trechos da PEC, para que a fonte dos recursos n\u00e3o seja tamb\u00e9m dos impostos de Renda (IR) e sobre Servi\u00e7os (ISS), pois isso poderia atrapalhar a arrecada\u00e7\u00e3o dos munic\u00edpios. Caso seja aprovada sem altera\u00e7\u00e3o pelos deputados, a PEC exige que o fundo seja implementado um ano ap\u00f3s a publica\u00e7\u00e3o da emenda \u00e0 Constitui\u00e7\u00e3o.<\/p>\n<p>&nbsp;<\/p>\n<h4>COOPERATIVAS DE CR\u00c9DITO<\/h4>\n<p>Na mesma sess\u00e3o, o Senado aprovou o projeto de lei complementar que autoriza as cooperativas de cr\u00e9dito a captarem recursos de munic\u00edpios. O texto altera a lei do Sistema Nacional do Cr\u00e9dito Cooperativo para permitir que as cooperativas captem recursos de entidades e \u00f3rg\u00e3os das prefeituras, al\u00e9m das empresas por elas controladas.<\/p>\n<p>Aprovada no fim do m\u00eas passado pela C\u00e2mara dos Deputados, a mat\u00e9ria segue agora para san\u00e7\u00e3o presidencial.<\/p>\n<p>Fonte: Ag\u00eancia Brasil<\/p>\n","protected":false},"excerpt":{"rendered":"<p>O Senado aprovou, em segundo turno, a proposta de emenda \u00e0 Constitui\u00e7\u00e3o que institui o Fundo Nacional de Desenvolvimento da Seguran\u00e7a P\u00fablica. A PEC, que objetiva separar recursos para as for\u00e7as policiais dos estados e do Distrito Federal, segue agora para an\u00e1lise da C\u00e2mara dos Deputados. Segundo a proposta, o financiamento do fundo vir\u00e1 de [&hellip;]<\/p>\n","protected":false},"author":96,"featured_media":87304,"comment_status":"closed","ping_status":"closed","sticky":false,"template":"","format":"standard","meta":{"footnotes":""},"categories":[254],"tags":[],"class_list":["post-87305","post","type-post","status-publish","format-standard","has-post-thumbnail","hentry","category-politica"],"_links":{"self":[{"href":"https:\/\/diarioregionaldigital.com.br\/index.php?rest_route=\/wp\/v2\/posts\/87305","targetHints":{"allow":["GET"]}}],"collection":[{"href":"https:\/\/diarioregionaldigital.com.br\/index.php?rest_route=\/wp\/v2\/posts"}],"about":[{"href":"https:\/\/diarioregionaldigital.com.br\/index.php?rest_route=\/wp\/v2\/types\/post"}],"author":[{"embeddable":true,"href":"https:\/\/diarioregionaldigital.com.br\/index.php?rest_route=\/wp\/v2\/users\/96"}],"replies":[{"embeddable":true,"href":"https:\/\/diarioregionaldigital.com.br\/index.php?rest_route=%2Fwp%2Fv2%2Fcomments&post=87305"}],"version-history":[{"count":0,"href":"https:\/\/diarioregionaldigital.com.br\/index.php?rest_route=\/wp\/v2\/posts\/87305\/revisions"}],"wp:featuredmedia":[{"embeddable":true,"href":"https:\/\/diarioregionaldigital.com.br\/index.php?rest_route=\/wp\/v2\/media\/87304"}],"wp:attachment":[{"href":"https:\/\/diarioregionaldigital.com.br\/index.php?rest_route=%2Fwp%2Fv2%2Fmedia&parent=87305"}],"wp:term":[{"taxonomy":"category","embeddable":true,"href":"https:\/\/diarioregionaldigital.com.br\/index.php?rest_route=%2Fwp%2Fv2%2Fcategories&post=87305"},{"taxonomy":"post_tag","embeddable":true,"href":"https:\/\/diarioregionaldigital.com.br\/index.php?rest_route=%2Fwp%2Fv2%2Ftags&post=87305"}],"curies":[{"name":"wp","href":"https:\/\/api.w.org\/{rel}","templated":true}]}}