{"id":87303,"date":"2017-12-12T21:44:20","date_gmt":"2017-12-12T23:44:20","guid":{"rendered":"http:\/\/diarioregionaljf.com.br\/2017\/12\/12\/comissao-especial-vai-discutir-proposta-que-restringe-o-foro-privilegiado\/"},"modified":"2017-12-12T21:44:20","modified_gmt":"2017-12-12T23:44:20","slug":"comissao-especial-vai-discutir-proposta-que-restringe-o-foro-privilegiado","status":"publish","type":"post","link":"https:\/\/diarioregionaldigital.com.br\/?p=87303","title":{"rendered":"Comiss\u00e3o especial vai discutir proposta que restringe o foro privilegiado"},"content":{"rendered":"<p>O presidente da C\u00e2mara, Rodrigo Maia, criou uma comiss\u00e3o especial para analisar a Proposta de Emenda \u00e0 Constitui\u00e7\u00e3o que restringe, em caso de crime comum, o foro apenas aos presidentes de Poder (PEC 333\/17, do Senado). Outras autoridades \u2013 como ju\u00edzes, deputados e senadores \u2013 seriam julgados em primeira inst\u00e2ncia.<\/p>\n<p>A partir de agora, os l\u00edderes devem indicar os membros para a instala\u00e7\u00e3o da comiss\u00e3o especial, que ser\u00e1 composta de 34 membros titulares e de igual n\u00famero de suplentes, mais um titular e um suplente, atendendo ao rod\u00edzio entre as bancadas n\u00e3o contempladas. A PEC teve a admissibilidade aprovada em novembro.<\/p>\n<p>No ato de instala\u00e7\u00e3o ser\u00e1 eleito o presidente da comiss\u00e3o especial, que indicar\u00e1 o relator.<\/p>\n<p>Fonte: Ag\u00eancia C\u00e2mara Not\u00edcias<\/p>\n","protected":false},"excerpt":{"rendered":"<p>O presidente da C\u00e2mara, Rodrigo Maia, criou uma comiss\u00e3o especial para analisar a Proposta de Emenda \u00e0 Constitui\u00e7\u00e3o que restringe, em caso de crime comum, o foro apenas aos presidentes de Poder (PEC 333\/17, do Senado). Outras autoridades \u2013 como ju\u00edzes, deputados e senadores \u2013 seriam julgados em primeira inst\u00e2ncia. A partir de agora, os [&hellip;]<\/p>\n","protected":false},"author":96,"featured_media":87302,"comment_status":"closed","ping_status":"closed","sticky":false,"template":"","format":"standard","meta":{"footnotes":""},"categories":[254],"tags":[],"class_list":["post-87303","post","type-post","status-publish","format-standard","has-post-thumbnail","hentry","category-politica"],"_links":{"self":[{"href":"https:\/\/diarioregionaldigital.com.br\/index.php?rest_route=\/wp\/v2\/posts\/87303","targetHints":{"allow":["GET"]}}],"collection":[{"href":"https:\/\/diarioregionaldigital.com.br\/index.php?rest_route=\/wp\/v2\/posts"}],"about":[{"href":"https:\/\/diarioregionaldigital.com.br\/index.php?rest_route=\/wp\/v2\/types\/post"}],"author":[{"embeddable":true,"href":"https:\/\/diarioregionaldigital.com.br\/index.php?rest_route=\/wp\/v2\/users\/96"}],"replies":[{"embeddable":true,"href":"https:\/\/diarioregionaldigital.com.br\/index.php?rest_route=%2Fwp%2Fv2%2Fcomments&post=87303"}],"version-history":[{"count":0,"href":"https:\/\/diarioregionaldigital.com.br\/index.php?rest_route=\/wp\/v2\/posts\/87303\/revisions"}],"wp:featuredmedia":[{"embeddable":true,"href":"https:\/\/diarioregionaldigital.com.br\/index.php?rest_route=\/wp\/v2\/media\/87302"}],"wp:attachment":[{"href":"https:\/\/diarioregionaldigital.com.br\/index.php?rest_route=%2Fwp%2Fv2%2Fmedia&parent=87303"}],"wp:term":[{"taxonomy":"category","embeddable":true,"href":"https:\/\/diarioregionaldigital.com.br\/index.php?rest_route=%2Fwp%2Fv2%2Fcategories&post=87303"},{"taxonomy":"post_tag","embeddable":true,"href":"https:\/\/diarioregionaldigital.com.br\/index.php?rest_route=%2Fwp%2Fv2%2Ftags&post=87303"}],"curies":[{"name":"wp","href":"https:\/\/api.w.org\/{rel}","templated":true}]}}