{"id":87301,"date":"2017-12-12T21:43:03","date_gmt":"2017-12-12T23:43:03","guid":{"rendered":"http:\/\/diarioregionaljf.com.br\/2017\/12\/12\/receita-destroi-3-4-mil-toneladas-de-mercadorias-apreendidas\/"},"modified":"2017-12-12T21:43:03","modified_gmt":"2017-12-12T23:43:03","slug":"receita-destroi-3-4-mil-toneladas-de-mercadorias-apreendidas","status":"publish","type":"post","link":"https:\/\/diarioregionaldigital.com.br\/?p=87301","title":{"rendered":"Receita destr\u00f3i 3,4 mil toneladas de mercadorias apreendidas"},"content":{"rendered":"<p>Em 58 unidades do \u00f3rg\u00e3o, est\u00e3o sendo destru\u00eddos no 20\u00ba Mutir\u00e3o Nacional de Destrui\u00e7\u00e3o de Mercadorias Apreendidas produtos falsificados ou que n\u00e3o atendem \u00e0s normas de vigil\u00e2ncia sanit\u00e1ria e de defesa agropecu\u00e1ria.<\/p>\n<p>De acordo com a Receita, a maior parte dos res\u00edduos ser\u00e1 reciclada. Entre os produtos destru\u00eddos est\u00e3o CDs e DVD&#8217;s piratas, cigarros, bebidas, cosm\u00e9ticos, medicamentos e alimentos impr\u00f3prios para consumo ou utiliza\u00e7\u00e3o, produtos falsificados (vestu\u00e1rio, brinquedos, pilhas, isqueiros, rel\u00f3gios, agrot\u00f3xicos).<\/p>\n<p>A Receita lembra que destrui\u00e7\u00e3o \u00e9 uma das modalidades de destina\u00e7\u00e3o de mercadorias apreendidas previstas no Decreto-Lei n\u00ba 1.455\/1976. Segundo o \u00f3rg\u00e3o, todo o procedimento de destrui\u00e7\u00e3o est\u00e1 sistematizado na Portaria RFB n\u00ba 3.010\/2011, e deve, sempre que poss\u00edvel, ser feito de forma a resultar em res\u00edduos cuja reciclagem seja economicamente vi\u00e1vel.<\/p>\n<p>\u201cEsses res\u00edduos podem ser destinados mediante leil\u00e3o, incorpora\u00e7\u00e3o a \u00f3rg\u00e3os p\u00fablicos ou doa\u00e7\u00e3o a entidades beneficentes, mediante assinatura de termo de compromisso de que ser\u00e1 utilizado em conson\u00e2ncia com as normas ambientais\u201d, diz a Receita.<\/p>\n<p>Em 2013, com a publica\u00e7\u00e3o da Portaria RFB n\u00ba 1.443\/2013, foi regulamentado o leil\u00e3o de res\u00edduos de mercadorias apreendidas antes de sua efetiva destrui\u00e7\u00e3o, com repasse dos encargos ao arrematante. Desde a sua regulamenta\u00e7\u00e3o, diz a Receita, j\u00e1 foram realizados 33 leil\u00f5es desse tipo, gerando uma arrecada\u00e7\u00e3o superior a R$2,16 milh\u00f5es.<\/p>\n<hr \/>\n<p>&nbsp;Fonte: Ag\u00eancia Brasil&nbsp;<\/p>\n","protected":false},"excerpt":{"rendered":"<p>Em 58 unidades do \u00f3rg\u00e3o, est\u00e3o sendo destru\u00eddos no 20\u00ba Mutir\u00e3o Nacional de Destrui\u00e7\u00e3o de Mercadorias Apreendidas produtos falsificados ou que n\u00e3o atendem \u00e0s normas de vigil\u00e2ncia sanit\u00e1ria e de defesa agropecu\u00e1ria. De acordo com a Receita, a maior parte dos res\u00edduos ser\u00e1 reciclada. Entre os produtos destru\u00eddos est\u00e3o CDs e DVD&#8217;s piratas, cigarros, bebidas, [&hellip;]<\/p>\n","protected":false},"author":96,"featured_media":87300,"comment_status":"closed","ping_status":"closed","sticky":false,"template":"","format":"standard","meta":{"footnotes":""},"categories":[261],"tags":[],"class_list":["post-87301","post","type-post","status-publish","format-standard","has-post-thumbnail","hentry","category-economia"],"_links":{"self":[{"href":"https:\/\/diarioregionaldigital.com.br\/index.php?rest_route=\/wp\/v2\/posts\/87301","targetHints":{"allow":["GET"]}}],"collection":[{"href":"https:\/\/diarioregionaldigital.com.br\/index.php?rest_route=\/wp\/v2\/posts"}],"about":[{"href":"https:\/\/diarioregionaldigital.com.br\/index.php?rest_route=\/wp\/v2\/types\/post"}],"author":[{"embeddable":true,"href":"https:\/\/diarioregionaldigital.com.br\/index.php?rest_route=\/wp\/v2\/users\/96"}],"replies":[{"embeddable":true,"href":"https:\/\/diarioregionaldigital.com.br\/index.php?rest_route=%2Fwp%2Fv2%2Fcomments&post=87301"}],"version-history":[{"count":0,"href":"https:\/\/diarioregionaldigital.com.br\/index.php?rest_route=\/wp\/v2\/posts\/87301\/revisions"}],"wp:featuredmedia":[{"embeddable":true,"href":"https:\/\/diarioregionaldigital.com.br\/index.php?rest_route=\/wp\/v2\/media\/87300"}],"wp:attachment":[{"href":"https:\/\/diarioregionaldigital.com.br\/index.php?rest_route=%2Fwp%2Fv2%2Fmedia&parent=87301"}],"wp:term":[{"taxonomy":"category","embeddable":true,"href":"https:\/\/diarioregionaldigital.com.br\/index.php?rest_route=%2Fwp%2Fv2%2Fcategories&post=87301"},{"taxonomy":"post_tag","embeddable":true,"href":"https:\/\/diarioregionaldigital.com.br\/index.php?rest_route=%2Fwp%2Fv2%2Ftags&post=87301"}],"curies":[{"name":"wp","href":"https:\/\/api.w.org\/{rel}","templated":true}]}}