{"id":87189,"date":"2017-12-11T19:08:44","date_gmt":"2017-12-11T21:08:44","guid":{"rendered":"http:\/\/diarioregionaljf.com.br\/2017\/12\/11\/pjf-divulga-resultados-de-contratacao-temporaria-de-professores-para-a-educacao-infantil\/"},"modified":"2017-12-11T19:08:44","modified_gmt":"2017-12-11T21:08:44","slug":"pjf-divulga-resultados-de-contratacao-temporaria-de-professores-para-a-educacao-infantil","status":"publish","type":"post","link":"https:\/\/diarioregionaldigital.com.br\/?p=87189","title":{"rendered":"PJF divulga resultados de contrata\u00e7\u00e3o tempor\u00e1ria de professores para a Educa\u00e7\u00e3o Infantil"},"content":{"rendered":"<p>A Prefeitura de Juiz de Fora (PJF) divulgou o resultado do processo seletivo simplificado para contrata\u00e7\u00e3o tempor\u00e1ria de professor regente A (PR-A) de Educa\u00e7\u00e3o Infantil (Edital n\u00ba 335-SARH \u2013 Secretaria de Administra\u00e7\u00e3o e Recursos Humanos), para atua\u00e7\u00e3o no ano letivo de 2018. Os classificados dever\u00e3o aguardar convoca\u00e7\u00e3o para contrata\u00e7\u00e3o. O resultado foi publicado no Di\u00e1rio Oficial Eletr\u00f4nico do Munic\u00edpio (Atos do Governo) e pode ser conferido <a href=\"https:\/\/www.pjf.mg.gov.br\/e_atos\/e_atos_vis.php?id=57716\" target=\"_blank\" rel=\"noopener noreferrer\">aqui<\/a>.<\/p>\n<p>Fonte: Assessoria<\/p>\n","protected":false},"excerpt":{"rendered":"<p>A Prefeitura de Juiz de Fora (PJF) divulgou o resultado do processo seletivo simplificado para contrata\u00e7\u00e3o tempor\u00e1ria de professor regente A (PR-A) de Educa\u00e7\u00e3o Infantil (Edital n\u00ba 335-SARH \u2013 Secretaria de Administra\u00e7\u00e3o e Recursos Humanos), para atua\u00e7\u00e3o no ano letivo de 2018. Os classificados dever\u00e3o aguardar convoca\u00e7\u00e3o para contrata\u00e7\u00e3o. O resultado foi publicado no Di\u00e1rio [&hellip;]<\/p>\n","protected":false},"author":96,"featured_media":87188,"comment_status":"closed","ping_status":"closed","sticky":false,"template":"","format":"standard","meta":{"footnotes":""},"categories":[253],"tags":[],"class_list":["post-87189","post","type-post","status-publish","format-standard","has-post-thumbnail","hentry","category-cidade"],"_links":{"self":[{"href":"https:\/\/diarioregionaldigital.com.br\/index.php?rest_route=\/wp\/v2\/posts\/87189","targetHints":{"allow":["GET"]}}],"collection":[{"href":"https:\/\/diarioregionaldigital.com.br\/index.php?rest_route=\/wp\/v2\/posts"}],"about":[{"href":"https:\/\/diarioregionaldigital.com.br\/index.php?rest_route=\/wp\/v2\/types\/post"}],"author":[{"embeddable":true,"href":"https:\/\/diarioregionaldigital.com.br\/index.php?rest_route=\/wp\/v2\/users\/96"}],"replies":[{"embeddable":true,"href":"https:\/\/diarioregionaldigital.com.br\/index.php?rest_route=%2Fwp%2Fv2%2Fcomments&post=87189"}],"version-history":[{"count":0,"href":"https:\/\/diarioregionaldigital.com.br\/index.php?rest_route=\/wp\/v2\/posts\/87189\/revisions"}],"wp:featuredmedia":[{"embeddable":true,"href":"https:\/\/diarioregionaldigital.com.br\/index.php?rest_route=\/wp\/v2\/media\/87188"}],"wp:attachment":[{"href":"https:\/\/diarioregionaldigital.com.br\/index.php?rest_route=%2Fwp%2Fv2%2Fmedia&parent=87189"}],"wp:term":[{"taxonomy":"category","embeddable":true,"href":"https:\/\/diarioregionaldigital.com.br\/index.php?rest_route=%2Fwp%2Fv2%2Fcategories&post=87189"},{"taxonomy":"post_tag","embeddable":true,"href":"https:\/\/diarioregionaldigital.com.br\/index.php?rest_route=%2Fwp%2Fv2%2Ftags&post=87189"}],"curies":[{"name":"wp","href":"https:\/\/api.w.org\/{rel}","templated":true}]}}